{"id":258654,"date":"2023-09-20T14:34:06","date_gmt":"2023-09-20T12:34:06","guid":{"rendered":"https:\/\/www.alicanteturismo.com\/?p=258654"},"modified":"2024-10-22T18:21:40","modified_gmt":"2024-10-22T16:21:40","slug":"noticia-ciudades-ave-20092023","status":"publish","type":"noticias","link":"https:\/\/dev.alicanteturismo.com\/ca\/noticias\/noticia-ciudades-ave-20092023\/","title":{"rendered":"Poquet destaca la \u201cimportancia de impulsar la Red de Ciudades AVE para la promoci\u00f3n tur\u00edstica\u201d"},"content":{"rendered":"<p>Alicante, 20 de septiembre de 2023<\/p>\n<h4>Poquet destaca la \u201cimportancia de impulsar la Red de Ciudades AVE para la promoci\u00f3n tur\u00edstica\u201d<\/h4>\n<p>La concejala de Turismo, Ana Poquet, ha destacado la<strong> \u201cimportancia de impulsar la Red de Ciudades AVE<\/strong> en un momento en el que el tren es fundamental para Alicante como destino tur\u00edstico\u201d. \u201cLa promoci\u00f3n de la treintena de ciudades que formamos parte de la red supone un impacto muy beneficioso tanto para el turismo nacional como para el internacional que se decanta por la alta velocidad como un medio seguro y sostenible para viajar por Espa\u00f1a\u201d. Poquet ha realizado estas declaraciones con motivo de su asistencia a una reuni\u00f3n de la Red de Ciudades AVE que se ha celebrado este mi\u00e9rcoles en Madrid.<\/p>\n<p>La Red de Ciudades AVE est\u00e1 formada por 33 ciudades y cuatro comunidades aut\u00f3nomas cuyo nexo de uni\u00f3n es la Alta Velocidad. Esta asociaci\u00f3n ofrece m\u00e1s de 500 productos y experiencias tur\u00edsticas en las ciudades unidas por el AVE para los usuarios al tiempo que lanza campa\u00f1as de promoci\u00f3n de destino y fomenta la movilidad en tren. Actualmente Sevilla ostenta la presidencia de esta \u201calianza tur\u00edstica\u201d.<\/p>\n<p>En la red se encuentran Castilla y Le\u00f3n, Castilla La \u2013 Mancha, Catalu\u00f1a y Andaluc\u00eda, junto con los 32 destinos asociados: Albacete, Alicante, Antequera, Barcelona, Calatayud, Castell\u00f3, Ciudad Real, C\u00f3rdoba, Cuenca, Elche, Figueres, Granada, Le\u00f3n, Lleida, Loja, Madrid, M\u00e1laga, Murcia, Orihuela, Ourense, Palencia, Puertollano, Segovia, Sevilla, Tarragona, Toledo, Valencia, Valladolid, Villanueva de C\u00f3rdoba, Villena, Zamora y Zaragoza. Adem\u00e1s de Talavera de la Reina como ciudad adherida.<\/p>\n","protected":false},"featured_media":258655,"template":"","meta":{"_acf_changed":false},"categoria-de-noticia":[150,153],"class_list":["post-258654","noticias","type-noticias","status-publish","has-post-thumbnail","hentry","categoria-de-noticia-archivo-historico","categoria-de-noticia-notas-de-prensa"],"acf":[],"_links":{"self":[{"href":"https:\/\/dev.alicanteturismo.com\/ca\/wp-json\/wp\/v2\/noticias\/258654","targetHints":{"allow":["GET"]}}],"collection":[{"href":"https:\/\/dev.alicanteturismo.com\/ca\/wp-json\/wp\/v2\/noticias"}],"about":[{"href":"https:\/\/dev.alicanteturismo.com\/ca\/wp-json\/wp\/v2\/types\/noticias"}],"version-history":[{"count":0,"href":"https:\/\/dev.alicanteturismo.com\/ca\/wp-json\/wp\/v2\/noticias\/258654\/revisions"}],"wp:featuredmedia":[{"embeddable":true,"href":"https:\/\/dev.alicanteturismo.com\/ca\/wp-json\/wp\/v2\/media\/258655"}],"wp:attachment":[{"href":"https:\/\/dev.alicanteturismo.com\/ca\/wp-json\/wp\/v2\/media?parent=258654"}],"wp:term":[{"taxonomy":"categoria-de-noticia","embeddable":true,"href":"https:\/\/dev.alicanteturismo.com\/ca\/wp-json\/wp\/v2\/categoria-de-noticia?post=258654"}],"curies":[{"name":"wp","href":"https:\/\/api.w.org\/{rel}","templated":true}]}}