{"id":297897,"date":"2018-06-28T10:30:00","date_gmt":"2018-06-28T08:30:00","guid":{"rendered":"https:\/\/alicanteturismo.com\/?post_type=noticias&#038;p=297897"},"modified":"2025-02-27T10:31:32","modified_gmt":"2025-02-27T09:31:32","slug":"servicio-de-atencion-a-discapacitados-fisicos-e-intelectuales-en-cada-una-de-las-tres-areas-ludico-pedagogicas-que-el-patronato-municipal-de-turismo-tiene-localizadas-en-la-playa-del-postiguet-playa","status":"publish","type":"noticias","link":"https:\/\/dev.alicanteturismo.com\/ca\/noticias\/servicio-de-atencion-a-discapacitados-fisicos-e-intelectuales-en-cada-una-de-las-tres-areas-ludico-pedagogicas-que-el-patronato-municipal-de-turismo-tiene-localizadas-en-la-playa-del-postiguet-playa\/","title":{"rendered":"Servicio de atenci\u00f3n a discapacitados f\u00edsicos e intelectuales en cada una de las tres \u00e1reas l\u00fadico-pedag\u00f3gicas que el Patronato Municipal de Turismo tiene localizadas en la Playa del Postiguet, Playa de San Juan y Playa de Urbanova, durante la temporada de verano de 2018 y 2019, as\u00ed como el suministro, instalaci\u00f3n y mantenimiento de aseos, duchas y vestuarios en cada una de estas \u00e1reas l\u00fadico pedag\u00f3gicas"},"content":{"rendered":"<h2>Consulta de expedientes de contrataci\u00f3n<\/h2>\n<ul>\n<li><strong>C\u00f3digo de expediente:\u00a0<\/strong>00049-18-PMT-0003<\/li>\n<li><strong>Objeto:\u00a0<\/strong>Servicio de atenci\u00f3n a discapacitados f\u00edsicos e intelectuales en cada una de las tres \u00e1reas l\u00fadico-pedag\u00f3gicas que el Patronato Municipal de Turismo tiene localizadas en la Playa del Postiguet, Playa de San Juan y Playa de Urbanova, durante la temporada de verano de 2018 y 2019, as\u00ed como el suministro, instalaci\u00f3n y mantenimiento de aseos, duchas y vestuarios en cada una de estas \u00e1reas l\u00fadico pedag\u00f3gicas<\/li>\n<li><strong>Tipo de contrato:\u00a0<\/strong>Servicios.<\/li>\n<li><strong>Procedimiento de adjudicaci\u00f3n:\u00a0<\/strong>Abierto.<\/li>\n<li><strong>Valor estimado:\u00a0<\/strong>220.095,30 euros, IVA no incluido.<\/li>\n<li><strong>Tipo de licitaci\u00f3n:\u00a0<\/strong>Lote 1: 207.547,23 \u20ac y Lote 2: 38.013,36 \u20ac euros (para mayor informaci\u00f3n ver anuncio)<\/li>\n<li><strong>Dependencia de tramitaci\u00f3n:\u00a0<\/strong>Patronato Municipal de Turismo y Playas.<\/li>\n<li class=\"impar\"><strong>\u00d3rgano de contrataci\u00f3n:\u00a0<\/strong>Presidenta del Patronato Municipal de Turismo y Playas.<\/li>\n<li><strong>Lugar de presentaci\u00f3n de proposiciones o solicitudes de participaci\u00f3n:\u00a0<\/strong>Patronato Municipal de Turismo y Playas<br \/>\nDirecci\u00f3n: C\/ Cervantes, n\u00ba 3 &#8211; Entresuelo\u00a0\u00a0C.P: 03002 &#8211; ALICANTE<br \/>\n<a class=\"mapa\" title=\"Ver localizaci\u00f3n en el callejero\" href=\"http:\/\/w2.alicante.es\/localiza_calle.php?idn_ali=10095\" rel=\"external noopener\" target=\"_blank\">Ver mapa<\/a><\/li>\n<li><strong>Fecha l\u00edmite de presentaci\u00f3n:\u00a0<\/strong>05\/07\/2018 a las 13:00 horas.<\/li>\n<\/ul>\n<h3>Documentos Asociados<\/h3>\n<table summary=\"Documentos\" width=\"100%\">\n<colgroup>\n<col width=\"29%\" \/>\n<col width=\"21%\" \/>\n<col width=\"21%\" \/>\n<col width=\"29%\" \/><\/colgroup>\n<tbody>\n<tr class=\"par\">\n<th>Documento<\/th>\n<th class=\"centro\" abbr=\"Fecha\">Fecha Publicaci\u00f3n<\/th>\n<th class=\"centro\" abbr=\"Firma y sello de tiempo\">Verificaci\u00f3n Firma<\/th>\n<th>Observaciones<\/th>\n<\/tr>\n<tr class=\"tr_impar impar\">\n<td class=\"izquierda\"><a class=\"pdf\" href=\"https:\/\/sedeelectronica.alicante.es\/blob_documento.php?expe=49&amp;ano_expe=18&amp;depto=PMT&amp;dep_expe=3&amp;orden=4\" rel=\"external noopener\" target=\"_blank\">Anuncio de licitaci\u00f3n<\/a><\/td>\n<td class=\"centro\">27\/06\/2018 16:05 h.<\/td>\n<td class=\"centro\">&#8211;<\/td>\n<td class=\"izquierda\"><\/td>\n<\/tr>\n<tr class=\"par\">\n<td class=\"izquierda\"><a class=\"pdf\" href=\"https:\/\/sedeelectronica.alicante.es\/blob_documento.php?expe=49&amp;ano_expe=18&amp;depto=PMT&amp;dep_expe=3&amp;orden=3\" rel=\"external noopener\" target=\"_blank\">Otros<\/a><\/td>\n<td class=\"centro\">27\/06\/2018 16:04 h.<\/td>\n<td class=\"centro\">&#8211;<\/td>\n<td class=\"izquierda\">Modelo de Proposici\u00f3n Supletorio<\/td>\n<\/tr>\n<tr class=\"tr_impar impar\">\n<td class=\"izquierda\"><a class=\"pdf\" href=\"https:\/\/sedeelectronica.alicante.es\/blob_documento.php?expe=49&amp;ano_expe=18&amp;depto=PMT&amp;dep_expe=3&amp;orden=2\" rel=\"external noopener\" target=\"_blank\">Pliego de cl\u00e1usulas administrativas particulares<\/a><\/td>\n<td class=\"centro\">27\/06\/2018 16:03 h.<\/td>\n<td class=\"centro\">&#8211;<\/td>\n<td class=\"izquierda\">Pliego de cl\u00e1usulas administrativas particualres<\/td>\n<\/tr>\n<tr class=\"par\">\n<td class=\"izquierda\"><a class=\"pdf\" href=\"https:\/\/sedeelectronica.alicante.es\/blob_documento.php?expe=49&amp;ano_expe=18&amp;depto=PMT&amp;dep_expe=3&amp;orden=1\" rel=\"external noopener\" target=\"_blank\">Prescripciones t\u00e9cnicas particulares<\/a><\/td>\n<td class=\"centro\">27\/06\/2018 16:02 h.<\/td>\n<td class=\"centro\">&#8211;<\/td>\n<td class=\"izquierda\">Pliego de prescripciones t\u00e9cnicas particulares<\/td>\n<\/tr>\n<\/tbody>\n<\/table>\n","protected":false},"featured_media":204745,"template":"","meta":{"_acf_changed":false},"categoria-de-noticia":[150],"class_list":["post-297897","noticias","type-noticias","status-publish","has-post-thumbnail","hentry","categoria-de-noticia-archivo-historico"],"acf":[],"_links":{"self":[{"href":"https:\/\/dev.alicanteturismo.com\/ca\/wp-json\/wp\/v2\/noticias\/297897","targetHints":{"allow":["GET"]}}],"collection":[{"href":"https:\/\/dev.alicanteturismo.com\/ca\/wp-json\/wp\/v2\/noticias"}],"about":[{"href":"https:\/\/dev.alicanteturismo.com\/ca\/wp-json\/wp\/v2\/types\/noticias"}],"version-history":[{"count":0,"href":"https:\/\/dev.alicanteturismo.com\/ca\/wp-json\/wp\/v2\/noticias\/297897\/revisions"}],"wp:featuredmedia":[{"embeddable":true,"href":"https:\/\/dev.alicanteturismo.com\/ca\/wp-json\/wp\/v2\/media\/204745"}],"wp:attachment":[{"href":"https:\/\/dev.alicanteturismo.com\/ca\/wp-json\/wp\/v2\/media?parent=297897"}],"wp:term":[{"taxonomy":"categoria-de-noticia","embeddable":true,"href":"https:\/\/dev.alicanteturismo.com\/ca\/wp-json\/wp\/v2\/categoria-de-noticia?post=297897"}],"curies":[{"name":"wp","href":"https:\/\/api.w.org\/{rel}","templated":true}]}}