{"id":297847,"date":"2017-03-17T09:36:00","date_gmt":"2017-03-17T08:36:00","guid":{"rendered":"https:\/\/alicanteturismo.com\/?post_type=noticias&#038;p=297847"},"modified":"2025-02-27T09:37:58","modified_gmt":"2025-02-27T08:37:58","slug":"el-servicio-de-mantenimiento-reparacion-e-instalacion-de-las-infraestructuras-de-las-playas-de-alicante","status":"publish","type":"noticias","link":"https:\/\/dev.alicanteturismo.com\/de\/noticias\/el-servicio-de-mantenimiento-reparacion-e-instalacion-de-las-infraestructuras-de-las-playas-de-alicante\/","title":{"rendered":"El Servicio de mantenimiento, reparaci\u00f3n e instalaci\u00f3n de las infraestructuras de las playas de Alicante"},"content":{"rendered":"<h2>Consulta de expedientes de contrataci\u00f3n<\/h2>\n<ul>\n<li><strong>C\u00f3digo de expediente: <\/strong>00009-17-PMT-0003<\/li>\n<li><strong>Objeto: <\/strong>El Servicio de mantenimiento, reparaci\u00f3n e instalaci\u00f3n de las infraestructuras de las playas de Alicante<\/li>\n<li><strong>Tipo de contrato: <\/strong>Servicios.<\/li>\n<li><strong>Procedimiento de adjudicaci\u00f3n: <\/strong>Negociado con publicidad.<\/li>\n<li><strong>Valor estimado: <\/strong>99.000,00 euros, IVA no incluido.<\/li>\n<li><strong>Tipo de licitaci\u00f3n: <\/strong>99.000,00 euros, IVA no incluido (para mayor informaci\u00f3n ver anuncio)<\/li>\n<li><strong>Dependencia de tramitaci\u00f3n: <\/strong>Patronato Municipal de Turismo y Playas.<\/li>\n<li class=\"impar\"><strong>\u00d3rgano de contrataci\u00f3n: <\/strong>PRESIDENTA DEL PATRONATO MUNICIPAL DE TURISMO Y PLAYAS.<\/li>\n<li><strong>Lugar de presentaci\u00f3n de proposiciones o solicitudes de participaci\u00f3n: <\/strong>Patronato Municipal de Turismo y Playas<br \/>Direcci\u00f3n: C\/ Cervantes, n\u00ba 3 &#8211; Entresuelo\u00a0\u00a0C.P: 03002 &#8211; ALICANTE<br \/><a class=\"mapa\" title=\"Ver localizaci\u00f3n en el callejero\" href=\"http:\/\/w2.alicante.es\/localiza_calle.php?idn_ali=10095\" rel=\"external noopener\" target=\"_blank\">Ver mapa<\/a><\/li>\n<li><strong>Fecha l\u00edmite de presentaci\u00f3n: <\/strong>24\/03\/2017 a las 14:00 horas.<\/li>\n<li><strong>Fecha de formalizaci\u00f3n del contrato: <\/strong>24\/04\/2017<\/li>\n<\/ul>\n<h3>Documentos Asociados<\/h3>\n<table summary=\"Documentos\" width=\"100%\"><colgroup> <col width=\"29%\" \/> <col width=\"21%\" \/> <col width=\"21%\" \/> <col width=\"29%\" \/><\/colgroup>\n<tbody>\n<tr class=\"par\">\n<th>Documento<\/th>\n<th class=\"centro\" abbr=\"Fecha\">Fecha Publicaci\u00f3n<\/th>\n<th class=\"centro\" abbr=\"Firma y sello de tiempo\">Verificaci\u00f3n Firma<\/th>\n<th>Observaciones<\/th>\n<\/tr>\n<tr class=\"tr_impar impar\">\n<td class=\"izquierda\"><a class=\"pdf\" href=\"https:\/\/sedeelectronica.alicante.es\/blob_documento.php?expe=9&amp;ano_expe=17&amp;depto=PMT&amp;dep_expe=3&amp;orden=7\" rel=\"external noopener\" target=\"_blank\">Pliego de cl\u00e1usulas administrativas particulares<\/a><\/td>\n<td class=\"centro\">h.<\/td>\n<td class=\"centro\">&#8211;<\/td>\n<td class=\"izquierda\">Pliego de cl\u00e1usulas administrativas particulares<\/td>\n<\/tr>\n<tr class=\"par\">\n<td class=\"izquierda\"><a class=\"pdf\" href=\"https:\/\/sedeelectronica.alicante.es\/blob_documento.php?expe=9&amp;ano_expe=17&amp;depto=PMT&amp;dep_expe=3&amp;orden=14\" rel=\"external noopener\" target=\"_blank\">Anuncio de formalizaci\u00f3n de contrato<\/a><\/td>\n<td class=\"centro\">26\/04\/2017 14:40 h.<\/td>\n<td class=\"centro\">&#8211;<\/td>\n<td class=\"izquierda\">Anuncio de formalizaci\u00f3n del contrato<\/td>\n<\/tr>\n<tr class=\"tr_impar impar\">\n<td class=\"izquierda\"><a class=\"pdf\" href=\"https:\/\/sedeelectronica.alicante.es\/blob_documento.php?expe=9&amp;ano_expe=17&amp;depto=PMT&amp;dep_expe=3&amp;orden=13\" rel=\"external noopener\" target=\"_blank\">Adjudicaci\u00f3n<\/a><\/td>\n<td class=\"centro\">18\/04\/2017 11:30 h.<\/td>\n<td class=\"centro\">&#8211;<\/td>\n<td class=\"izquierda\">Decreto de adjudicaci\u00f3n<\/td>\n<\/tr>\n<tr class=\"par\">\n<td class=\"izquierda\"><a class=\"pdf\" href=\"https:\/\/sedeelectronica.alicante.es\/blob_documento.php?expe=9&amp;ano_expe=17&amp;depto=PMT&amp;dep_expe=3&amp;orden=12\" rel=\"external noopener\" target=\"_blank\">Clasificaci\u00f3n de los licitadores<\/a><\/td>\n<td class=\"centro\">18\/04\/2017 11:28 h.<\/td>\n<td class=\"centro\">&#8211;<\/td>\n<td class=\"izquierda\">Decreto de clasificaci\u00f3n<\/td>\n<\/tr>\n<tr class=\"tr_impar impar\">\n<td class=\"izquierda\"><a class=\"pdf\" href=\"https:\/\/sedeelectronica.alicante.es\/blob_documento.php?expe=9&amp;ano_expe=17&amp;depto=PMT&amp;dep_expe=3&amp;orden=11\" rel=\"external noopener\" target=\"_blank\">Otros<\/a><\/td>\n<td class=\"centro\">18\/04\/2017 11:26 h.<\/td>\n<td class=\"centro\">&#8211;<\/td>\n<td class=\"izquierda\">Informe de valoraci\u00f3n<\/td>\n<\/tr>\n<tr class=\"par\">\n<td class=\"izquierda\"><a class=\"pdf\" href=\"https:\/\/sedeelectronica.alicante.es\/blob_documento.php?expe=9&amp;ano_expe=17&amp;depto=PMT&amp;dep_expe=3&amp;orden=1\" rel=\"external noopener\" target=\"_blank\">Anuncio de licitaci\u00f3n<\/a><\/td>\n<td class=\"centro\">17\/03\/2017 14:26 h.<\/td>\n<td class=\"centro\">&#8211;<\/td>\n<td class=\"izquierda\">Anuncio de licitaci\u00f3n<\/td>\n<\/tr>\n<tr class=\"tr_impar impar\">\n<td class=\"izquierda\"><a class=\"pdf\" href=\"https:\/\/sedeelectronica.alicante.es\/blob_documento.php?expe=9&amp;ano_expe=17&amp;depto=PMT&amp;dep_expe=3&amp;orden=10\" rel=\"external noopener\" target=\"_blank\">Otros<\/a><\/td>\n<td class=\"centro\">17\/03\/2017 14:25 h.<\/td>\n<td class=\"centro\">&#8211;<\/td>\n<td class=\"izquierda\">Modelo de proposici\u00f3n supletorio<\/td>\n<\/tr>\n<tr class=\"par\">\n<td class=\"izquierda\"><a class=\"pdf\" href=\"https:\/\/sedeelectronica.alicante.es\/blob_documento.php?expe=9&amp;ano_expe=17&amp;depto=PMT&amp;dep_expe=3&amp;orden=9\" rel=\"external noopener\" target=\"_blank\">Otros<\/a><\/td>\n<td class=\"centro\">17\/03\/2017 14:25 h.<\/td>\n<td class=\"centro\">&#8211;<\/td>\n<td class=\"izquierda\">Anexo II. Modelo de declaraci\u00f3n responsable: Persona jur\u00eddica<\/td>\n<\/tr>\n<tr class=\"tr_impar impar\">\n<td class=\"izquierda\"><a class=\"pdf\" href=\"https:\/\/sedeelectronica.alicante.es\/blob_documento.php?expe=9&amp;ano_expe=17&amp;depto=PMT&amp;dep_expe=3&amp;orden=8\" rel=\"external noopener\" target=\"_blank\">Otros<\/a><\/td>\n<td class=\"centro\">17\/03\/2017 14:24 h.<\/td>\n<td class=\"centro\">&#8211;<\/td>\n<td class=\"izquierda\">Anexo I. Modelo de declaraci\u00f3n responsable: Persona f\u00edsica<\/td>\n<\/tr>\n<tr class=\"par\">\n<td class=\"izquierda\"><a class=\"pdf\" href=\"https:\/\/sedeelectronica.alicante.es\/blob_documento.php?expe=9&amp;ano_expe=17&amp;depto=PMT&amp;dep_expe=3&amp;orden=6\" rel=\"external noopener\" target=\"_blank\">Otros<\/a><\/td>\n<td class=\"centro\">17\/03\/2017 14:22 h.<\/td>\n<td class=\"centro\">&#8211;<\/td>\n<td class=\"izquierda\">medios para acreditar la solvencia<\/td>\n<\/tr>\n<tr class=\"tr_impar impar\">\n<td class=\"izquierda\"><a class=\"pdf\" href=\"https:\/\/sedeelectronica.alicante.es\/blob_documento.php?expe=9&amp;ano_expe=17&amp;depto=PMT&amp;dep_expe=3&amp;orden=5\" rel=\"external noopener\" target=\"_blank\">Otros<\/a><\/td>\n<td class=\"centro\">17\/03\/2017 14:22 h.<\/td>\n<td class=\"centro\">&#8211;<\/td>\n<td class=\"izquierda\">Aspectos econ\u00f3micos y t\u00e9cnicos objeto de negociaci\u00f3n<\/td>\n<\/tr>\n<tr class=\"par\">\n<td class=\"izquierda\"><a class=\"pdf\" href=\"https:\/\/sedeelectronica.alicante.es\/blob_documento.php?expe=9&amp;ano_expe=17&amp;depto=PMT&amp;dep_expe=3&amp;orden=4\" rel=\"external noopener\" target=\"_blank\">Otros<\/a><\/td>\n<td class=\"centro\">17\/03\/2017 14:21 h.<\/td>\n<td class=\"centro\">&#8211;<\/td>\n<td class=\"izquierda\">Anexo 2: Tipos de equipamiento<\/td>\n<\/tr>\n<tr class=\"tr_impar impar\">\n<td class=\"izquierda\"><a class=\"pdf\" href=\"https:\/\/sedeelectronica.alicante.es\/blob_documento.php?expe=9&amp;ano_expe=17&amp;depto=PMT&amp;dep_expe=3&amp;orden=3\" rel=\"external noopener\" target=\"_blank\">Otros<\/a><\/td>\n<td class=\"centro\">17\/03\/2017 14:21 h.<\/td>\n<td class=\"centro\">&#8211;<\/td>\n<td class=\"izquierda\">Anexo 1: Equipamiento Playas Alicante<\/td>\n<\/tr>\n<tr class=\"par\">\n<td class=\"izquierda\"><a class=\"pdf\" href=\"https:\/\/sedeelectronica.alicante.es\/blob_documento.php?expe=9&amp;ano_expe=17&amp;depto=PMT&amp;dep_expe=3&amp;orden=2\" rel=\"external noopener\" target=\"_blank\">Prescripciones t\u00e9cnicas particulares<\/a><\/td>\n<td class=\"centro\">17\/03\/2017 14:20 h.<\/td>\n<td class=\"centro\">&#8211;<\/td>\n<td class=\"izquierda\">Pliego prescripciones t\u00e9cnicas particulares<\/td>\n<\/tr>\n<\/tbody>\n<\/table>\n<p>\u00a0<\/p>\n\n\n<p><\/p>\n","protected":false},"featured_media":204745,"template":"","meta":{"_acf_changed":false},"categoria-de-noticia":[150],"class_list":["post-297847","noticias","type-noticias","status-publish","has-post-thumbnail","hentry","categoria-de-noticia-archivo-historico"],"acf":[],"_links":{"self":[{"href":"https:\/\/dev.alicanteturismo.com\/de\/wp-json\/wp\/v2\/noticias\/297847","targetHints":{"allow":["GET"]}}],"collection":[{"href":"https:\/\/dev.alicanteturismo.com\/de\/wp-json\/wp\/v2\/noticias"}],"about":[{"href":"https:\/\/dev.alicanteturismo.com\/de\/wp-json\/wp\/v2\/types\/noticias"}],"version-history":[{"count":0,"href":"https:\/\/dev.alicanteturismo.com\/de\/wp-json\/wp\/v2\/noticias\/297847\/revisions"}],"wp:featuredmedia":[{"embeddable":true,"href":"https:\/\/dev.alicanteturismo.com\/de\/wp-json\/wp\/v2\/media\/204745"}],"wp:attachment":[{"href":"https:\/\/dev.alicanteturismo.com\/de\/wp-json\/wp\/v2\/media?parent=297847"}],"wp:term":[{"taxonomy":"categoria-de-noticia","embeddable":true,"href":"https:\/\/dev.alicanteturismo.com\/de\/wp-json\/wp\/v2\/categoria-de-noticia?post=297847"}],"curies":[{"name":"wp","href":"https:\/\/api.w.org\/{rel}","templated":true}]}}