{"id":297907,"date":"2018-11-23T10:37:00","date_gmt":"2018-11-23T09:37:00","guid":{"rendered":"https:\/\/alicanteturismo.com\/?post_type=noticias&#038;p=297907"},"modified":"2025-02-27T10:44:02","modified_gmt":"2025-02-27T09:44:02","slug":"contratacion-de-la-campana-de-imagen-y-comunicacion-para-la-promocion-de-alicante-en-fitur-y-madrid-fusion-2019","status":"publish","type":"noticias","link":"https:\/\/dev.alicanteturismo.com\/de\/noticias\/contratacion-de-la-campana-de-imagen-y-comunicacion-para-la-promocion-de-alicante-en-fitur-y-madrid-fusion-2019\/","title":{"rendered":"Contrataci\u00f3n de la campa\u00f1a de imagen y comunicaci\u00f3n para la promoci\u00f3n de Alicante en FITUR y MADRID FUSI\u00d3N 2019"},"content":{"rendered":"<h3><strong>Concurso p\u00fablico:<\/strong><\/h3>\n<p><strong> Contrataci\u00f3n de la campa\u00f1a de imagen y comunicaci\u00f3n para la promoci\u00f3n de Alicante en FITUR y MADRID FUSI\u00d3N 2019<\/strong><\/p>\n<p><strong>Por favor, acceda <a href=\"https:\/\/contrataciondelestado.es\/wps\/wcm\/connect\/c2e5d36b-0fc9-459b-bd8a-d82c017959bd\/DOC_CN2018-533721.html?MOD=AJPERES\" target=\"_blank\" rel=\"noopener\">este enlace <\/a>para poder visualizar la <a href=\"https:\/\/contrataciondelestado.es\/wps\/wcm\/connect\/c2e5d36b-0fc9-459b-bd8a-d82c017959bd\/DOC_CN2018-533721.html?MOD=AJPERES\" target=\"_blank\" rel=\"noopener\">informaci\u00f3n:https:\/\/contrataciondelestado.es\/wps\/wcm\/connect\/c2e5d36b-0fc9-459b-bd8a-d82c017959bd\/DOC_CN2018-533721.html?MOD=AJPERES<\/a><\/strong><\/p>\n","protected":false},"featured_media":204745,"template":"","meta":{"_acf_changed":false},"categoria-de-noticia":[150],"class_list":["post-297907","noticias","type-noticias","status-publish","has-post-thumbnail","hentry","categoria-de-noticia-archivo-historico"],"acf":[],"_links":{"self":[{"href":"https:\/\/dev.alicanteturismo.com\/de\/wp-json\/wp\/v2\/noticias\/297907","targetHints":{"allow":["GET"]}}],"collection":[{"href":"https:\/\/dev.alicanteturismo.com\/de\/wp-json\/wp\/v2\/noticias"}],"about":[{"href":"https:\/\/dev.alicanteturismo.com\/de\/wp-json\/wp\/v2\/types\/noticias"}],"version-history":[{"count":0,"href":"https:\/\/dev.alicanteturismo.com\/de\/wp-json\/wp\/v2\/noticias\/297907\/revisions"}],"wp:featuredmedia":[{"embeddable":true,"href":"https:\/\/dev.alicanteturismo.com\/de\/wp-json\/wp\/v2\/media\/204745"}],"wp:attachment":[{"href":"https:\/\/dev.alicanteturismo.com\/de\/wp-json\/wp\/v2\/media?parent=297907"}],"wp:term":[{"taxonomy":"categoria-de-noticia","embeddable":true,"href":"https:\/\/dev.alicanteturismo.com\/de\/wp-json\/wp\/v2\/categoria-de-noticia?post=297907"}],"curies":[{"name":"wp","href":"https:\/\/api.w.org\/{rel}","templated":true}]}}