{"id":297911,"date":"2019-05-16T10:44:00","date_gmt":"2019-05-16T08:44:00","guid":{"rendered":"https:\/\/alicanteturismo.com\/?post_type=noticias&#038;p=297911"},"modified":"2025-02-27T10:46:07","modified_gmt":"2025-02-27T09:46:07","slug":"diseno-e-impresion-de-material-turistico-para-acciones-promocionales-del-patronato-municipal-de-turismo-y-playas-de-alicante","status":"publish","type":"noticias","link":"https:\/\/dev.alicanteturismo.com\/de\/noticias\/diseno-e-impresion-de-material-turistico-para-acciones-promocionales-del-patronato-municipal-de-turismo-y-playas-de-alicante\/","title":{"rendered":"Dise\u00f1o e impresi\u00f3n de material tur\u00edstico para acciones promocionales del Patronato Municipal de Turismo y Playas de Alicante"},"content":{"rendered":"<h4><strong>Dise\u00f1o e impresi\u00f3n de material tur\u00edstico para acciones promocionales del Patronato Municipal de Turismo y Playas de Alicante. <\/strong><\/h4>\n<ul>\n<li><strong>Para ver la informaci\u00f3n, por favor, dir\u00edjase\u00a0 a este enlace :<\/strong>\u00a0<a href=\"https:\/\/contrataciondelestado.es\/wps\/portal\/!ut\/p\/b0\/DcqxCoAgEADQT7o2IXCIcK8l0yUulTo6zUAM_PoaHzywsIJNWOnAQndC_m18CJkpXb0PBZnDxuSooPsDaLBgyavKYFj4trfpOfW4zkunlWAzvVJCjnH4ALAv_7A!\/\" target=\"_blank\" rel=\"noopener\">Informaci\u00f3n relativa a la licitaci\u00f3n)<\/a><\/li>\n<\/ul>\n","protected":false},"featured_media":204745,"template":"","meta":{"_acf_changed":false},"categoria-de-noticia":[150],"class_list":["post-297911","noticias","type-noticias","status-publish","has-post-thumbnail","hentry","categoria-de-noticia-archivo-historico"],"acf":[],"_links":{"self":[{"href":"https:\/\/dev.alicanteturismo.com\/de\/wp-json\/wp\/v2\/noticias\/297911","targetHints":{"allow":["GET"]}}],"collection":[{"href":"https:\/\/dev.alicanteturismo.com\/de\/wp-json\/wp\/v2\/noticias"}],"about":[{"href":"https:\/\/dev.alicanteturismo.com\/de\/wp-json\/wp\/v2\/types\/noticias"}],"version-history":[{"count":0,"href":"https:\/\/dev.alicanteturismo.com\/de\/wp-json\/wp\/v2\/noticias\/297911\/revisions"}],"wp:featuredmedia":[{"embeddable":true,"href":"https:\/\/dev.alicanteturismo.com\/de\/wp-json\/wp\/v2\/media\/204745"}],"wp:attachment":[{"href":"https:\/\/dev.alicanteturismo.com\/de\/wp-json\/wp\/v2\/media?parent=297911"}],"wp:term":[{"taxonomy":"categoria-de-noticia","embeddable":true,"href":"https:\/\/dev.alicanteturismo.com\/de\/wp-json\/wp\/v2\/categoria-de-noticia?post=297911"}],"curies":[{"name":"wp","href":"https:\/\/api.w.org\/{rel}","templated":true}]}}