{"id":255829,"date":"2023-06-21T10:21:12","date_gmt":"2023-06-21T08:21:12","guid":{"rendered":"https:\/\/www.alicanteturismo.com\/?p=255829"},"modified":"2024-10-23T10:48:14","modified_gmt":"2024-10-23T08:48:14","slug":"la-playa-del-postiguet-recibe-la-bandera-qualitur-2023-que-avala-su-excelencia","status":"publish","type":"noticias","link":"https:\/\/dev.alicanteturismo.com\/en\/noticias\/la-playa-del-postiguet-recibe-la-bandera-qualitur-2023-que-avala-su-excelencia\/","title":{"rendered":"La playa del Postiguet recibe la bandera Qualitur 2023 que avala su excelencia"},"content":{"rendered":"<p class=\"x_western x_ContentPasted0\" align=\"justify\"><span style=\"font-family: Verdana, sans-serif;\"><span style=\"font-size: medium;\"><b class=\"x_ContentPasted0\">La <a href=\"https:\/\/dev.alicanteturismo.com\/playas\/playa-del-postiguet\/\">playa<\/a>\u00a0<\/b><\/span><\/span><span style=\"font-family: Verdana, sans-serif;\"><span style=\"font-size: medium;\"><b class=\"x_ContentPasted0\">del Postiguet<\/b><\/span><\/span><span style=\"font-family: Verdana, sans-serif;\"><span style=\"font-size: medium;\"><b class=\"x_ContentPasted0\">\u00a0de Alicante ha recibido este viernes la bandera Qualitur 2023 que otorga Turisme Comunitat Valenciana para avalar la excelencia y la accesibilidad de los arenales de la Comunidad<\/b><\/span><\/span><span style=\"font-family: Verdana, sans-serif;\"><span style=\"font-size: medium;\"><b class=\"x_ContentPasted0\">.<\/b><\/span><\/span><span style=\"font-family: Verdana, sans-serif;\"><span style=\"font-size: medium;\"><span class=\"x_ContentPasted0\">\u00a0<\/span><\/span><\/span><\/p>\n<p class=\"x_western x_ContentPasted0\" align=\"justify\"><span style=\"font-family: Verdana, sans-serif;\"><span style=\"font-size: medium;\"><span class=\"x_ContentPasted0\">La jefa de Estrategia Tur\u00edstica del Patronato de Turismo Alicante City&amp;Beach, Elena Lumbreras, ha recogido el certificado de manos del secretario auton\u00f3mico de Turisme, Francesc Colomer, en un acto celebrado en D\u00e9nia.<\/span><\/span><\/span><\/p>\n<p class=\"x_western\" align=\"justify\"><span style=\"font-family: Verdana, sans-serif;\"><span style=\"font-size: medium;\"><span class=\"x_ContentPasted0\">Un total de 90 playas y calas de 11 municipios de la provincia de Alicante que disponen de certificados de calidad, medio ambiente o accesibilidad han recibido esta bandera, lo que representa cerca de la mitad del total de banderas otorgadas en la Comunidad.<\/span><\/span><\/span><\/p>\n<p class=\"x_western\" align=\"justify\"><span style=\"font-family: Verdana, sans-serif;\"><span style=\"font-size: medium;\"><span class=\"x_ContentPasted0\">Desde el<\/span><\/span><\/span><span style=\"font-family: Verdana, sans-serif;\"><span style=\"font-size: medium;\"><span class=\"x_ContentPasted0\">\u00a0Patronato de Turismo\u00a0<\/span><\/span><\/span><span style=\"font-family: Verdana, sans-serif;\"><span style=\"font-size: medium;\"><span class=\"x_ContentPasted0\">explican<\/span><\/span><\/span><span style=\"font-family: Verdana, sans-serif;\"><span style=\"font-size: medium;\"><span class=\"x_ContentPasted0\">\u00a0que \u201cesta bandera Qualitur\u00a0<\/span><\/span><\/span><span style=\"font-family: Verdana, sans-serif;\"><span style=\"font-size: medium;\"><span class=\"x_ContentPasted0\">viene a refrendar los certificados de calidad de los que ya dispone esta playa en la que precisamente el jueves se iz\u00f3 por primera vez la bandera de Ecoplayas que se suma a la bandera azul que tambi\u00e9n ondea en el Postiguet\u201d. En este sentido, adelantan que \u201cseguiremos trabajando para mantener e incluso aumentar el nivel de calidad en todas las playas de Alicante\u201d.<\/span><\/span><\/span><\/p>\n<p class=\"x_western\" align=\"justify\"><span style=\"font-family: Verdana, sans-serif;\"><span style=\"font-size: medium;\"><span class=\"x_ContentPasted0\">La Bandera Qualitur reconoce el esfuerzo de los municipios que ofrecen playas con aguas limpias y arenas cuidadas, medidas de vigilancia, servicios higi\u00e9nicos, equipamientos l\u00fadicos, medidas de protecci\u00f3n ambiental y la garant\u00eda de su accesibilidad universal, informan desde Turisme Comunitat Valenciana. En total, 204 playas y calas de 39 municipios de la Comunidad Valenciana cuentan con este reconocimiento.<\/span><\/span><\/span><\/p>\n\n\n<div style=\"height:40px\" aria-hidden=\"true\" class=\"wp-block-spacer\"><\/div>\n\n\n\n<div class=\"wp-block-buttons Botonesnoticias is-vertical is-content-justification-center is-layout-flex wp-container-core-buttons-is-layout-6363bf74 wp-block-buttons-is-layout-flex\">\n<div class=\"wp-block-button has-custom-font-size is-style-fill\" style=\"font-size:1rem;font-style:normal;font-weight:500\"><a class=\"wp-block-button__link has-white-color has-text-color has-background has-link-color wp-element-button\" href=\"https:\/\/dev.alicanteturismo.com\/mejores-playas\/\" style=\"border-radius:25px;background-color:#002e6d\">M\u00e1s informaci\u00f3n sobre las playas de Alicante<\/a><\/div>\n<\/div>\n","protected":false},"featured_media":255830,"template":"","meta":{"_acf_changed":false},"categoria-de-noticia":[150,121,153,158],"class_list":["post-255829","noticias","type-noticias","status-publish","has-post-thumbnail","hentry","categoria-de-noticia-archivo-historico","categoria-de-noticia-destacados","categoria-de-noticia-notas-de-prensa","categoria-de-noticia-playas"],"acf":[],"_links":{"self":[{"href":"https:\/\/dev.alicanteturismo.com\/en\/wp-json\/wp\/v2\/noticias\/255829","targetHints":{"allow":["GET"]}}],"collection":[{"href":"https:\/\/dev.alicanteturismo.com\/en\/wp-json\/wp\/v2\/noticias"}],"about":[{"href":"https:\/\/dev.alicanteturismo.com\/en\/wp-json\/wp\/v2\/types\/noticias"}],"version-history":[{"count":0,"href":"https:\/\/dev.alicanteturismo.com\/en\/wp-json\/wp\/v2\/noticias\/255829\/revisions"}],"wp:featuredmedia":[{"embeddable":true,"href":"https:\/\/dev.alicanteturismo.com\/en\/wp-json\/wp\/v2\/media\/255830"}],"wp:attachment":[{"href":"https:\/\/dev.alicanteturismo.com\/en\/wp-json\/wp\/v2\/media?parent=255829"}],"wp:term":[{"taxonomy":"categoria-de-noticia","embeddable":true,"href":"https:\/\/dev.alicanteturismo.com\/en\/wp-json\/wp\/v2\/categoria-de-noticia?post=255829"}],"curies":[{"name":"wp","href":"https:\/\/api.w.org\/{rel}","templated":true}]}}