{"id":255931,"date":"2023-06-26T14:02:29","date_gmt":"2023-06-26T12:02:29","guid":{"rendered":"https:\/\/www.alicanteturismo.com\/?p=255931"},"modified":"2024-10-23T10:46:19","modified_gmt":"2024-10-23T08:46:19","slug":"poquet-inicia-las-reuniones-con-el-sector-turistico-y-reafirma-su-compromiso-de-dialogo-y-cooperacion","status":"publish","type":"noticias","link":"https:\/\/dev.alicanteturismo.com\/en\/noticias\/poquet-inicia-las-reuniones-con-el-sector-turistico-y-reafirma-su-compromiso-de-dialogo-y-cooperacion\/","title":{"rendered":"Poquet inicia las reuniones con el sector tur\u00edstico y reafirma su \u201ccompromiso de di\u00e1logo y cooperaci\u00f3n\u201d"},"content":{"rendered":"<p class=\"x_western x_ContentPasted0\" align=\"center\"><span style=\"font-family: Verdana, sans-serif;\"><span style=\"font-size: large;\"><b class=\"x_ContentPasted0\">Fotonoticia<\/b><\/span><\/span><\/p>\n<p class=\"x_western\" align=\"center\"><span style=\"font-family: Verdana, sans-serif;\"><span style=\"font-size: medium;\"><b class=\"x_ContentPasted0\">Alicante, 26 de junio de 2023<\/b><\/span><\/span><\/p>\n<p class=\"x_western x_ContentPasted0\" align=\"justify\"><span style=\"font-family: Verdana, sans-serif;\"><span style=\"font-size: medium;\"><b class=\"x_ContentPasted0\">La concejala de Turismo, Ana Poquet, ha iniciado este lunes las reuniones con las distintas asociaciones del sector tur\u00edstico de la ciudad para conocer de primera mano su realidad y sus necesidades, as\u00ed como la visi\u00f3n que tienen del momento que vive el principal motor econ\u00f3mico alicantino.<\/b><\/span><\/span><span style=\"font-family: Verdana, sans-serif;\"><span style=\"font-size: medium;\"><span class=\"x_ContentPasted0\">\u00a0El presidente y vicepresidente de la Asociaci\u00f3n Provincial de Hoteles y Alojamientos Tur\u00edsticos de Alicante (APHA), Luis Castillo y Carlos Bosch, han mantenido un encuentro con Poquet en el Patronato de Turismo Alicante City&amp;Beach en el que le han trasladado la situaci\u00f3n de los hoteles alicantinos y sus perspectivas, as\u00ed como algunos de los proyectos que tiene en marcha la asociaci\u00f3n. La concejala ha reafirmado su \u201ccompromiso de di\u00e1logo y cooperaci\u00f3n con todo el sector tur\u00edstico para que Alicante siga avanzando\u201d. La responsable del Patronato de Turismo Alicante City&amp;Beach se ha mostrado \u201cabierta a las propuestas que entre todos aportemos para mejorar y convertir a Alicante en el destino sostenible, accesible y digital en el que ya estamos trabajando\u201d.<\/span><\/span><\/span><\/p>\n<p class=\"x_western x_ContentPasted0\" align=\"justify\"><span style=\"font-family: Verdana, sans-serif;\"><span class=\"x_ContentPasted0\" style=\"font-size: medium;\">A lo largo de la semana continuar\u00e1n las reuniones sectoriales con el resto de asociaciones tur\u00edsticas.<\/span><\/span><\/p>\n\n\n<div style=\"height:40px\" aria-hidden=\"true\" class=\"wp-block-spacer\"><\/div>\n\n\n\n<div class=\"wp-block-buttons Botonesnoticias is-vertical is-content-justification-center is-layout-flex wp-container-core-buttons-is-layout-6363bf74 wp-block-buttons-is-layout-flex\">\n<div class=\"wp-block-button has-custom-font-size is-style-fill\" style=\"font-size:1rem;font-style:normal;font-weight:500\"><a class=\"wp-block-button__link has-white-color has-text-color has-background has-link-color wp-element-button\" href=\"https:\/\/dev.alicanteturismo.com\/donde-dormir\/\" style=\"border-radius:25px;background-color:#002e6d\">M\u00e1s informaci\u00f3n sobre alojamientos en Alicante<\/a><\/div>\n<\/div>\n","protected":false},"featured_media":255932,"template":"","meta":{"_acf_changed":false},"categoria-de-noticia":[150,121,153,148],"class_list":["post-255931","noticias","type-noticias","status-publish","has-post-thumbnail","hentry","categoria-de-noticia-archivo-historico","categoria-de-noticia-destacados","categoria-de-noticia-notas-de-prensa","categoria-de-noticia-patronato-municipal-de-turismo-y-playas-alicante"],"acf":[],"_links":{"self":[{"href":"https:\/\/dev.alicanteturismo.com\/en\/wp-json\/wp\/v2\/noticias\/255931","targetHints":{"allow":["GET"]}}],"collection":[{"href":"https:\/\/dev.alicanteturismo.com\/en\/wp-json\/wp\/v2\/noticias"}],"about":[{"href":"https:\/\/dev.alicanteturismo.com\/en\/wp-json\/wp\/v2\/types\/noticias"}],"version-history":[{"count":0,"href":"https:\/\/dev.alicanteturismo.com\/en\/wp-json\/wp\/v2\/noticias\/255931\/revisions"}],"wp:featuredmedia":[{"embeddable":true,"href":"https:\/\/dev.alicanteturismo.com\/en\/wp-json\/wp\/v2\/media\/255932"}],"wp:attachment":[{"href":"https:\/\/dev.alicanteturismo.com\/en\/wp-json\/wp\/v2\/media?parent=255931"}],"wp:term":[{"taxonomy":"categoria-de-noticia","embeddable":true,"href":"https:\/\/dev.alicanteturismo.com\/en\/wp-json\/wp\/v2\/categoria-de-noticia?post=255931"}],"curies":[{"name":"wp","href":"https:\/\/api.w.org\/{rel}","templated":true}]}}