{"id":256075,"date":"2023-06-30T14:52:42","date_gmt":"2023-06-30T12:52:42","guid":{"rendered":"https:\/\/www.alicanteturismo.com\/?p=256075"},"modified":"2024-10-02T18:26:34","modified_gmt":"2024-10-02T16:26:34","slug":"el-servicio-de-playas-accesibles-arranca-este-sabado-con-las-nuevas-gruas-para-facilitar-el-traslado-a-la-silla-anfibia","status":"publish","type":"noticias","link":"https:\/\/dev.alicanteturismo.com\/en\/noticias\/el-servicio-de-playas-accesibles-arranca-este-sabado-con-las-nuevas-gruas-para-facilitar-el-traslado-a-la-silla-anfibia\/","title":{"rendered":"El servicio de playas accesibles arranca este s\u00e1bado con las nuevas gr\u00faas para facilitar el traslado a la silla anfibia"},"content":{"rendered":"<p class=\"x_western x_ContentPasted0\" align=\"center\">\n<b class=\"x_ContentPasted0\"><\/b><\/p>\n<p class=\"x_western x_ContentPasted0\" align=\"center\"><span style=\"font-family: Verdana, sans-serif;\"><span class=\"x_ContentPasted0\" style=\"font-size: large;\">Los ba\u00f1istas con movilidad reducida pueden acceder al servicio en San Juan y Urbanova desde el s\u00e1bado y en el Postiguet y Tabarca a partir del lunes<\/span><\/span><\/p>\n<p class=\"x_western x_ContentPasted0\" align=\"center\"><span style=\"font-family: Verdana, sans-serif;\"><span class=\"x_ContentPasted0\" style=\"font-size: large;\">Las personas con diversidad funcional dispondr\u00e1n de \u00e1reas l\u00fadico-pedag\u00f3gicas<\/span><\/span><\/p>\n<p class=\"x_western\" align=\"justify\"><strong><span><span style=\"font-family: Verdana, sans-serif;\"><span style=\"font-size: medium;\"><span class=\"x_ContentPasted0\">Alicante,\u00a0<\/span><\/span><\/span><\/span><\/strong><strong><span><span style=\"font-family: Verdana, sans-serif;\"><span style=\"font-size: medium;\"><span class=\"x_ContentPasted0\">30<\/span><\/span><\/span><\/span><\/strong><strong><span><span style=\"font-family: Verdana, sans-serif;\"><span style=\"font-size: medium;\"><span class=\"x_ContentPasted0\">\u00a0de ju<\/span><\/span><\/span><\/span><\/strong><strong><span><span style=\"font-family: Verdana, sans-serif;\"><span style=\"font-size: medium;\"><span class=\"x_ContentPasted0\">n<\/span><\/span><\/span><\/span><\/strong><strong><span><span style=\"font-family: Verdana, sans-serif;\"><span style=\"font-size: medium;\"><span class=\"x_ContentPasted0\">io de 2023.\u00a0<\/span><\/span><\/span><\/span><\/strong><strong><span><span style=\"font-family: Verdana, sans-serif;\"><span style=\"font-size: medium;\"><span class=\"x_ContentPasted0\">El servicio<\/span><\/span><\/span><\/span><\/strong><strong><span><span style=\"font-family: Verdana, sans-serif;\"><span style=\"font-size: medium;\"><span class=\"x_ContentPasted0\">\u00a0<\/span><\/span><\/span><\/span><\/strong><strong><span><span style=\"font-family: Verdana, sans-serif;\"><span style=\"font-size: medium;\"><span class=\"x_ContentPasted0\">de playas accesibles, con ba\u00f1o adaptado para personas con movilidad reducida y \u00e1reas l\u00fadi<\/span><\/span><\/span><\/span><\/strong><strong><span><span style=\"font-family: Verdana, sans-serif;\"><span style=\"font-size: medium;\"><span class=\"x_ContentPasted0\">c<\/span><\/span><\/span><\/span><\/strong><strong><span><span style=\"font-family: Verdana, sans-serif;\"><span style=\"font-size: medium;\"><span class=\"x_ContentPasted0\">o-pedag\u00f3gicas para personas con diversidad funcional, arranca este s\u00e1bado\u00a0<\/span><\/span><\/span><\/span><\/strong><strong><span><span style=\"font-family: Verdana, sans-serif;\"><span style=\"font-size: medium;\"><span class=\"x_ContentPasted0\">1 de julio<\/span><\/span><\/span><\/span><\/strong><strong><span><span style=\"font-family: Verdana, sans-serif;\"><span style=\"font-size: medium;\"><span class=\"x_ContentPasted0\">\u00a0en las playas de San Juan y Urbanova y a partir del lunes estar\u00e1 operativo en el Postiguet y Tabarca.<\/span><\/span><\/span><\/span><\/strong><\/p>\n<p class=\"x_western\" align=\"justify\"><strong><span><span style=\"font-family: Verdana, sans-serif;\"><span style=\"font-size: medium;\"><span class=\"x_ContentPasted0\">El Patronato de Turismo Alicante City&amp;Beach presta este servicio esencial para acercar las playas de forma segura a todos los residentes y turistas a trav\u00e9s de una empresa adjudicataria. La<\/span><\/span><\/span><\/span><\/strong><strong><span><span style=\"font-family: Verdana, sans-serif;\"><span style=\"font-size: medium;\"><span class=\"x_ContentPasted0\">\u00a0principal novedad del servicio este a\u00f1o\u00a0<\/span><\/span><\/span><\/span><\/strong><strong><span><span style=\"font-family: Verdana, sans-serif;\"><span style=\"font-size: medium;\"><span class=\"x_ContentPasted0\">consiste en la disponibilidad de gr\u00faas en todas las playas accesibles para facilitar el traslado de los ba\u00f1istas desde la arena a la silla anfibia para entrar en el agua.<\/span><\/span><\/span><\/span><\/strong><\/p>\n<p class=\"x_western\" align=\"justify\"><strong><span><span style=\"font-family: Verdana, sans-serif;\"><span style=\"font-size: medium;\"><span class=\"x_ContentPasted0\">El servicio se presta en las playas de San Juan, El Postiguet, Urbanova y Tabarca hasta el pr\u00f3ximo 15 de septiembre con el siguiente horario: de lunes a domingo de 10 a 18 horas el ba\u00f1o adaptado y de lunes a s\u00e1bado de 10 a 16 horas el \u00e1rea l\u00fadico-pedag\u00f3gica.<\/span><\/span><\/span><\/span><\/strong><\/p>\n<p class=\"x_western\" align=\"justify\"><strong><span><span style=\"font-family: Verdana, sans-serif;\"><span style=\"font-size: medium;\"><span class=\"x_ContentPasted0\">En estas cuatro playas los usuarios disponen tambi\u00e9n de zonas de sombra con pasarelas de acceso de ancho especial de 100 metros cuadrados, aseos, duchas y vestuarios adaptados, as\u00ed como p<\/span><\/span><\/span><\/span><\/strong><span class=\"x_ContentPasted0\" style=\"font-family: Verdana, sans-serif;\">lazas de aparcamiento adaptado en las playas de San Juan, El Postiguet y Urbanova.<\/span><\/p>\n<p class=\"x_western\" align=\"justify\"><span class=\"x_ContentPasted0\" style=\"font-family: Verdana, sans-serif;\">En concreto los puntos de ba\u00f1o accesible se encuentran junto al acceso n\u00famero 10 de la playa de San Juan, el n\u00famero 13 de El Postiguet (zona Coc\u00f3), y el acceso 6 de Urbanova.<\/span><\/p>\n<p class=\"x_western\" align=\"justify\"><span style=\"font-family: Verdana, sans-serif;\"><span class=\"x_ContentPasted0\">El verano pasado el servicio de playas accesibles llev\u00f3 a cabo m\u00e1s de 14.000 asistencias.<\/span><\/span><\/p>\n","protected":false},"featured_media":256076,"template":"","meta":{"_acf_changed":false},"categoria-de-noticia":[150],"class_list":["post-256075","noticias","type-noticias","status-publish","has-post-thumbnail","hentry","categoria-de-noticia-archivo-historico"],"acf":[],"_links":{"self":[{"href":"https:\/\/dev.alicanteturismo.com\/en\/wp-json\/wp\/v2\/noticias\/256075","targetHints":{"allow":["GET"]}}],"collection":[{"href":"https:\/\/dev.alicanteturismo.com\/en\/wp-json\/wp\/v2\/noticias"}],"about":[{"href":"https:\/\/dev.alicanteturismo.com\/en\/wp-json\/wp\/v2\/types\/noticias"}],"version-history":[{"count":0,"href":"https:\/\/dev.alicanteturismo.com\/en\/wp-json\/wp\/v2\/noticias\/256075\/revisions"}],"wp:featuredmedia":[{"embeddable":true,"href":"https:\/\/dev.alicanteturismo.com\/en\/wp-json\/wp\/v2\/media\/256076"}],"wp:attachment":[{"href":"https:\/\/dev.alicanteturismo.com\/en\/wp-json\/wp\/v2\/media?parent=256075"}],"wp:term":[{"taxonomy":"categoria-de-noticia","embeddable":true,"href":"https:\/\/dev.alicanteturismo.com\/en\/wp-json\/wp\/v2\/categoria-de-noticia?post=256075"}],"curies":[{"name":"wp","href":"https:\/\/api.w.org\/{rel}","templated":true}]}}