{"id":256553,"date":"2023-07-17T10:32:45","date_gmt":"2023-07-17T08:32:45","guid":{"rendered":"https:\/\/www.alicanteturismo.com\/?p=256553"},"modified":"2024-10-23T10:18:34","modified_gmt":"2024-10-23T08:18:34","slug":"alicante-reforzara-los-bonos-comercio-y-gastronomico-para-ayudar-al-sector-turistico-por-las-obras-en-la-ciudad","status":"publish","type":"noticias","link":"https:\/\/dev.alicanteturismo.com\/en\/noticias\/alicante-reforzara-los-bonos-comercio-y-gastronomico-para-ayudar-al-sector-turistico-por-las-obras-en-la-ciudad\/","title":{"rendered":"Alicante reforzar\u00e1 los bonos comercio y gastron\u00f3mico para ayudar al sector tur\u00edstico por las obras en la ciudad"},"content":{"rendered":"<p class=\"x_western x_ContentPasted0\" align=\"center\"><span style=\"font-family: Verdana, sans-serif;\"><span class=\"x_ContentPasted0\" style=\"font-size: large;\">El alcalde Barcala escucha las propuestas de comerciantes y empresarios hosteleros y se compromete a informar peri\u00f3dicamente del avance de los trabajos y a adoptar cuantas medidas puedan minimizar los efectos de las actuaciones<\/span><\/span><\/p>\n<p class=\"x_western x_ContentPasted0\" align=\"center\"><span style=\"font-family: Verdana, sans-serif;\"><span class=\"x_ContentPasted0\" style=\"font-size: large;\">Las asociaciones profesionales destacan el tono &#8220;constructivo, amable y colaborativo&#8221; del encuentro celebrado en Ayuntamiento, en el que han participado tambi\u00e9n responsables de todas las \u00e1reas municipales implicadas en los proyectos<\/span><\/span><\/p>\n<p class=\"x_western x_ContentPasted0\" align=\"center\"><br class=\"x_ContentPasted0\" aria-hidden=\"true\" \/><br class=\"x_ContentPasted0\" aria-hidden=\"true\" \/><\/p>\n<p>Alicante,\u00a014\u00a0de julio\u00a0de 2023.\u00a0El alcalde de Alicante, Luis Barcala, ha anunciado que el Ayuntamiento reforzar\u00e1 los<strong> bonos comercio<\/strong> que se activar\u00e1n a la salida del verano para ayudar al sector tur\u00edstico por las obras en la ciudad, en la reuni\u00f3n que ha mantenido este viernes con los representantes de las asociaciones de comerciantes, hosteler\u00eda, ocio, hoteles y apartamentos tur\u00edsticos. Barcala se ha comprometido adem\u00e1s a informarles peri\u00f3dicamente del avance de las actuaciones y a adoptar aquellas medidas que le planteen y que puedan contribuir a paliar los efectos de las obras.<\/p>\n<p>Luis Barcala ha explicado al finalizar la reuni\u00f3n que<em> \u201chemos informado a los representantes del sector tur\u00edstico de la programaci\u00f3n de las obras, cada una con su singularidad. Por un lado, las que afectan al frente litoral y, por otro, a las del eje desde Doctor Gadea a General Marv\u00e1. En segundo lugar, nos hemos comprometido a informarles peri\u00f3dicamente de su evoluci\u00f3n. Y, en tercer lugar, hemos escuchado al sector y nos hemos puesto a su disposici\u00f3n para que nos trasladen iniciativas y propuestas para colaborar y que las obras tengan el menor impacto posible. Hemos escuchado y vamos a estudiar todas y cada una de las propuestas\u201d.\u00a0&#8220;Todas las asociaciones participantes han destacado el tono amable, constructivo y colaborativo del encuentro&#8221;<\/em>, ha resaltado Barcala.<\/p>\n<p>Barcala ha anunciado a los representantes del sector que<em> \u201cel Ayuntamiento ya tiene en estudio algunas propuestas de ayudas directas como es continuar con la emisi\u00f3n de los bonos comercio y gastron\u00f3mico, que han dado muy buen resultado y que pueden ser particularmente beneficiosos en estos momentos, bien entendido que obras hay y habr\u00e1 en todo momento y distintos sitios y que somos conscientes de la mejora y el beneficio que generan cuando terminan\u201d.<\/em><\/p>\n<p>El alcalde ha estado acompa\u00f1ado en la reuni\u00f3n por los concejales de Movilidad Urbana, Comercio y Turismo, quienes han explicado las principales medidas adoptadas por el Ayuntamiento para reducir, en la medida de lo posible, el impacto de las obras en el frente litoral y en el centro tradicional.<\/p>\n<p>A su vez, las concejalas de Urbanismo e Infraestructuras, Roc\u00edo G\u00f3mez y Cristina Garc\u00eda, respectivamente, han comentado que el avance de las obras se est\u00e1 produciendo conforme a la planificaci\u00f3n prevista para terminar la renovaci\u00f3n de la calzada del Paseo de los M\u00e1rtires el 4 de septiembre y la apertura\u00a0provisional\u00a0anticipada del acceso por la plaza de Canalejas hacia la avenida Ram\u00f3n y Cajal y Eusebio Sempere\u00a0prevista para\u00a0el 16 de agosto.<\/p>\n<p>En el eje de Gadea a Marv\u00e1 tambi\u00e9n se ha informado de las obras en esta primera fase que desarrolla Aguas de Alicante con la renovaci\u00f3n de la red de agua potable y saneamiento, as\u00ed como la ampliaci\u00f3n del colector de pluviales y la entrada progresiva de las empresas adjudicatarias de las obras de reurbanizaci\u00f3n. Estas actuaciones, est\u00e1 previsto finalicen a final de a\u00f1o, despu\u00e9s de reducir el tiempo de ejecuci\u00f3n de nueve a seis meses.<\/p>\n<p>En materia de Movilidad Urbana, Carlos de Juan ha resaltado que ya se ha modificado el nuevo patr\u00f3n de movilidad por parte de los conductores, que ya han reconocido los mejores itinerarios para acudir a sus puestos de trabajo durante las obras y para desplazarse al centro urbano,\u00a0siguiendo las recomendaciones realizadas desde el Ayuntamiento\u00a0de utilizar las arterias que circunvalan la ciudad -Gran V\u00eda y V\u00eda Parque- y los accesos radiales hacia el centro en caso necesario dando prioridad al uso del transporte p\u00fablico. Tambi\u00e9n ha resaltado el trabajo en la gesti\u00f3n de\u00a0los flujos del tr\u00e1fico desde el Centro de Control Semaf\u00f3rico para evitar los atascos, que solo se producen puntualmente en horas punta y para agilizar la movilidad\u00a0y el tr\u00e1fico lento que se producen\u00a0en los ejes m\u00e1s saturados como son los que rodean al centro tradicional.<\/p>\n<h3>Medidas correctoras para la mejora del tr\u00e1fico<\/h3>\n<p>De Juan ha informado de la se\u00f1alizaci\u00f3n\u00a0habilitada, la apertura de nuevos giros en Maisonnave para facilitar la transitabilidad entre zonas, la habilitaci\u00f3n de precortes en caso necesario por saturaci\u00f3n del tr\u00e1fico en determinadas v\u00edas y la generaci\u00f3n de carriles bus, como en Juan Bautista Lafora, para\u00a0agilizar\u00a0el transporte urbano en autob\u00fas,\u00a0entre otras medidas. Tambi\u00e9n ha resaltado las dificultades que presenta\u00a0la concentraci\u00f3n de l\u00edneas en el eje de las avenidas Alfonso el Sabio-Estaci\u00f3n, y en \u00d3scar Espl\u00e1 y Salamanca\u00a0o el tr\u00e1fico lento en la entrada y salida de veh\u00edculos desde la A-70 a la altura de Vistahermosa (Alicante Norte) al tener solo habilitado un carril de entrada y otro de salida y el aumento de turistas y residentes en la zona de playas,\u00a0para los que se siguen buscando soluciones y alternativas.<\/p>\n<p>En cuanto al Comercio y la Hosteler\u00eda, tanto Lidia L\u00f3pez como Ana Poquet, han informado de los contactos que se han venido realizando con las asociaciones del sector, la informaci\u00f3n\u00a0ofrecida\u00a0y la atenci\u00f3n de sus requerimientos para facilitar cuestiones de operatividad\u00a0como pueda ser\u00a0la llegada de turistas a los hoteles y apartamentos tur\u00edsticos, adem\u00e1s de acciones de promoci\u00f3n e incentivo en las que se est\u00e1 trabajando como son una nueva edici\u00f3n en oto\u00f1o de los bonos comercio y gastron\u00f3micos, entre otras.<\/p>\n\n\n<div style=\"height:40px\" aria-hidden=\"true\" class=\"wp-block-spacer\"><\/div>\n\n\n\n<div class=\"wp-block-buttons Botonesnoticias is-vertical is-content-justification-center is-layout-flex wp-container-core-buttons-is-layout-6363bf74 wp-block-buttons-is-layout-flex\">\n<div class=\"wp-block-button has-custom-font-size is-style-fill\" style=\"font-size:1rem;font-style:normal;font-weight:500\"><a class=\"wp-block-button__link has-white-color has-text-color has-background has-link-color wp-element-button\" href=\"https:\/\/dev.alicanteturismo.com\/noticias\/\" style=\"border-radius:25px;background-color:#002e6d\">M\u00e1s noticias sobre Alicante<\/a><\/div>\n<\/div>\n","protected":false},"featured_media":256554,"template":"","meta":{"_acf_changed":false},"categoria-de-noticia":[150,121,153],"class_list":["post-256553","noticias","type-noticias","status-publish","has-post-thumbnail","hentry","categoria-de-noticia-archivo-historico","categoria-de-noticia-destacados","categoria-de-noticia-notas-de-prensa"],"acf":[],"_links":{"self":[{"href":"https:\/\/dev.alicanteturismo.com\/en\/wp-json\/wp\/v2\/noticias\/256553","targetHints":{"allow":["GET"]}}],"collection":[{"href":"https:\/\/dev.alicanteturismo.com\/en\/wp-json\/wp\/v2\/noticias"}],"about":[{"href":"https:\/\/dev.alicanteturismo.com\/en\/wp-json\/wp\/v2\/types\/noticias"}],"version-history":[{"count":0,"href":"https:\/\/dev.alicanteturismo.com\/en\/wp-json\/wp\/v2\/noticias\/256553\/revisions"}],"wp:featuredmedia":[{"embeddable":true,"href":"https:\/\/dev.alicanteturismo.com\/en\/wp-json\/wp\/v2\/media\/256554"}],"wp:attachment":[{"href":"https:\/\/dev.alicanteturismo.com\/en\/wp-json\/wp\/v2\/media?parent=256553"}],"wp:term":[{"taxonomy":"categoria-de-noticia","embeddable":true,"href":"https:\/\/dev.alicanteturismo.com\/en\/wp-json\/wp\/v2\/categoria-de-noticia?post=256553"}],"curies":[{"name":"wp","href":"https:\/\/api.w.org\/{rel}","templated":true}]}}