{"id":256210,"date":"2023-07-05T11:50:21","date_gmt":"2023-07-05T09:50:21","guid":{"rendered":"https:\/\/www.alicanteturismo.com\/?p=256210"},"modified":"2024-10-23T10:39:23","modified_gmt":"2024-10-23T08:39:23","slug":"alicante-recupera-el-bus-24-horas-al-aeropuerto-ante-el-aumento-de-turistas-que-llegan-a-la-ciudad","status":"publish","type":"noticias","link":"https:\/\/dev.alicanteturismo.com\/fr\/noticias\/alicante-recupera-el-bus-24-horas-al-aeropuerto-ante-el-aumento-de-turistas-que-llegan-a-la-ciudad\/","title":{"rendered":"Alicante\u00a0recupera el bus 24 horas al aeropuerto ante el aumento de turistas\u00a0que llegan a la ciudad"},"content":{"rendered":"<h4>La l\u00ednea C6, que enlaza por el d\u00eda la capital con su aeropuerto cada 20 minutos, ampl\u00eda su prestaci\u00f3n con un servicio cada hora durante la madrugada ante el aumento de la demanda<\/h4>\n<p>Alicante,\u00a05 de julio\u00a0de 2023.\u00a0Alicante\u00a0recupera la conexi\u00f3n en autob\u00fas con el aeropuerto con un servicio las 24 horas, los siete d\u00edas de la semana. La l\u00ednea interurbana que prestaba servicio hasta este mi\u00e9rcoles de 5 de la ma\u00f1ana a medianoche, aumenta las conexiones con un autob\u00fas cada hora durante el resto de la madrugada con el fin de atender el aumento de la demanda por el incremento de la llegada de turistas a la ciudad,\u00a0despu\u00e9s de reducir el servicio por la irrupci\u00f3n del Covid en 2020.<\/p>\n<p>El concejal de Movilidad Urbana y Transportes, Carlos de Juan, se ha felicitado por esta decisi\u00f3n \u201cque viene a respaldar la ampliaci\u00f3n del servicio, al ser una demanda\u00a0de los usuarios, de la Asociaci\u00f3n Provincial de Hoteles de Alicante (APHA) y de la propia direcci\u00f3n del aeropuerto\u00a0que reclamaba mejorar la conexi\u00f3n del transporte colectivo con la ciudad ante el incremento que est\u00e1 experimentado la llegada de turistas con el aumento de salidas y llegadas de aviones en horario nocturno que registra el aeropuerto Alicante-Elche Miguel Hern\u00e1ndez\u201d.<\/p>\n<p>La Alcoyana, empresa concesionaria del Grupo Vectalia ha habilitado en su web los nuevos horarios que se entrar en vigor este mi\u00e9rcoles con las paradas correspondientes, todas ellas dentro del t\u00e9rmino municipal de Alicante\u00a0a excepci\u00f3n de la del propio aeropuerto. De este modo, la<strong> primera salida de la parada de la Puerta del Mar se realiza a las 23:20 horas, la segunda a las 00:20 y, as\u00ed, de forma sucesiva hasta las 6:20. A partir de ah\u00ed, las salidas se realizan cada 20 minutos hasta las 22:20 horas.<\/strong><\/p>\n<p>En el sentido, inverso,<strong> la primera salida desde el aeropuerto est\u00e1 programada a las 23:00 horas; la segunda a las 00:00 horas, y as\u00ed una salida cada hora hasta las 7 de la ma\u00f1ana. A partir de esta hora, se repiten las salidas cada 20 minutos.<\/strong><\/p>\n<p>La programaci\u00f3n de vuelos nocturnos por las conexiones ofertadas por las aerol\u00edneas con el Reino Unido y otras ciudades del norte de Europa provocan un aumento de pasajeros que necesitan trasladarse hasta Alicante, de forma que con la ampliaci\u00f3n del servicio de autob\u00fas se ofrece una opci\u00f3n de movilidad alternativa a los taxis, puesto que el aeropuerto alicantino carece de conexi\u00f3n ferroviaria a expensas del desarrollo de la futura variante de Torrellano. Adem\u00e1s, el servicio nocturno del autob\u00fas tambi\u00e9n facilitar\u00e1 los traslados hasta las instalaciones aeroportuaria a los trabajadores.<\/p>\n<p>Paradas de la l\u00ednea de bus C6:<\/p>\n<ul>\n<li>Plaza Puerta del Mar. Cabecera<\/li>\n<li>MARQ<\/li>\n<li>Mercado Central<\/li>\n<li>Plaza de los Luceros<\/li>\n<li>Avenidas de Salamanca- Estaci\u00f3n de trenes RENFE<\/li>\n<li>\u00d3scar Espl\u00e1<\/li>\n<li>Federico Mayo<\/li>\n<li>Parque del Mar<\/li>\n<li>San Gabriel<\/li>\n<li>Euipo<\/li>\n<li>Agua Amarga<\/li>\n<li>Aeropuerto.<\/li>\n<\/ul>\n<p>Cabe se\u00f1alar que el autob\u00fas mantiene una <strong>conexi\u00f3n directa del aeropuerto con la estaci\u00f3n de Renfe<\/strong>. Al mismo tiempo, la empresa concesionaria mantiene el servicio con tres unidades, a la que se podr\u00eda a\u00f1adir una cuarta en caso necesario.<\/p>\n<p>Carlos de Juan Alicante ha recordado la necesidad de seguir trabajando en mejorar las conexiones con el aeropuerto de Alicante ya que \u00ab\u00a0Alicante ha liderado la ocupaci\u00f3n hotelera registrada durante el pasado mes de junio en la Comunidad Valenciana, con un registro por encima del 90 por ciento, concretamente el 91,2 por ciento, superando en m\u00e1s de diez puntos la media provincial que se sit\u00faa en el 80 por ciento, seg\u00fan el informe quincenal de la patronal hotelera Hosbec, que apunta adem\u00e1s que los turistas internacionales representan el 41% del total en la provincia\u00a0\u00bb.<\/p>\n\n\n<div style=\"height:40px\" aria-hidden=\"true\" class=\"wp-block-spacer\"><\/div>\n\n\n\n<div class=\"wp-block-buttons Botonesnoticias is-vertical is-content-justification-center is-layout-flex wp-container-core-buttons-is-layout-6363bf74 wp-block-buttons-is-layout-flex\">\n<div class=\"wp-block-button has-custom-font-size is-style-fill\" style=\"font-size:1rem;font-style:normal;font-weight:500\"><a class=\"wp-block-button__link has-white-color has-text-color has-background has-link-color wp-element-button\" href=\"https:\/\/alicante.vectalia.es\/linea\/linea-c-6alicante-aeropuerto\/#linea=C-6\" style=\"border-radius:25px;background-color:#002e6d\" target=\"_blank\" rel=\"noopener\">M\u00e1s informaci\u00f3n sobre el bus C6<\/a><\/div>\n<\/div>\n\n\n\n<div style=\"height:35px\" aria-hidden=\"true\" class=\"wp-block-spacer\"><\/div>\n\n\n\n<div class=\"wp-block-buttons Botonesnoticias is-vertical is-content-justification-center is-layout-flex wp-container-core-buttons-is-layout-6363bf74 wp-block-buttons-is-layout-flex\">\n<div class=\"wp-block-button has-custom-font-size is-style-fill\" style=\"font-size:1rem;font-style:normal;font-weight:500\"><a class=\"wp-block-button__link has-white-color has-text-color has-background has-link-color wp-element-button\" href=\"https:\/\/alicante.vectalia.es\/wp-content\/uploads\/sites\/2\/2023\/07\/C6_temporal.pdf\" style=\"border-radius:25px;background-color:#002e6d\" target=\"_blank\" rel=\"noopener\">Folletos C6. Paradas temporales. Desv\u00edo por obras<\/a><\/div>\n<\/div>\n\n\n\n<div style=\"height:35px\" aria-hidden=\"true\" class=\"wp-block-spacer\"><\/div>\n\n\n\n<div class=\"wp-block-buttons Botonesnoticias is-vertical is-content-justification-center is-layout-flex wp-container-core-buttons-is-layout-6363bf74 wp-block-buttons-is-layout-flex\">\n<div class=\"wp-block-button has-custom-font-size is-style-fill\" style=\"font-size:1rem;font-style:normal;font-weight:500\"><a class=\"wp-block-button__link has-white-color has-text-color has-background has-link-color wp-element-button\" href=\"https:\/\/alicante.vectalia.es\/notificacion\/modificacion-de-recorrido-por-obras-en-zona-centro-de-alicante-2\/\" style=\"border-radius:25px;background-color:#002e6d\" target=\"_blank\" rel=\"noopener\">Modificaci\u00f3n de Recorrido por \u00ab\u00a0Obras en l\u00ednea C6\u00a0\u00bb<\/a><\/div>\n<\/div>\n","protected":false},"featured_media":256217,"template":"","meta":{"_acf_changed":false},"categoria-de-noticia":[150],"class_list":["post-256210","noticias","type-noticias","status-publish","has-post-thumbnail","hentry","categoria-de-noticia-archivo-historico"],"acf":[],"_links":{"self":[{"href":"https:\/\/dev.alicanteturismo.com\/fr\/wp-json\/wp\/v2\/noticias\/256210","targetHints":{"allow":["GET"]}}],"collection":[{"href":"https:\/\/dev.alicanteturismo.com\/fr\/wp-json\/wp\/v2\/noticias"}],"about":[{"href":"https:\/\/dev.alicanteturismo.com\/fr\/wp-json\/wp\/v2\/types\/noticias"}],"version-history":[{"count":0,"href":"https:\/\/dev.alicanteturismo.com\/fr\/wp-json\/wp\/v2\/noticias\/256210\/revisions"}],"wp:featuredmedia":[{"embeddable":true,"href":"https:\/\/dev.alicanteturismo.com\/fr\/wp-json\/wp\/v2\/media\/256217"}],"wp:attachment":[{"href":"https:\/\/dev.alicanteturismo.com\/fr\/wp-json\/wp\/v2\/media?parent=256210"}],"wp:term":[{"taxonomy":"categoria-de-noticia","embeddable":true,"href":"https:\/\/dev.alicanteturismo.com\/fr\/wp-json\/wp\/v2\/categoria-de-noticia?post=256210"}],"curies":[{"name":"wp","href":"https:\/\/api.w.org\/{rel}","templated":true}]}}