{"id":256545,"date":"2023-07-14T14:19:01","date_gmt":"2023-07-14T12:19:01","guid":{"rendered":"https:\/\/www.alicanteturismo.com\/?p=256545"},"modified":"2024-10-23T10:20:14","modified_gmt":"2024-10-23T08:20:14","slug":"la-musica-en-directo-y-el-mercado-pirata-al-abordaje-del-castillo-de-santa-barbara-este-verano","status":"publish","type":"noticias","link":"https:\/\/dev.alicanteturismo.com\/fr\/noticias\/la-musica-en-directo-y-el-mercado-pirata-al-abordaje-del-castillo-de-santa-barbara-este-verano\/","title":{"rendered":"La m\u00fasica en directo y el Mercado Pirata, \u201cal abordaje\u201d del Castillo de Santa B\u00e1rbara este verano"},"content":{"rendered":"<p class=\"x_western x_ContentPasted0\" align=\"center\"><span style=\"font-family: Verdana, sans-serif;\"><span class=\"x_ContentPasted0\" style=\"font-size: large;\">La programaci\u00f3n de la fortaleza de julio a septiembre ofrece conciertos gratuitos los s\u00e1bados, ampl\u00eda las visitas teatralizadas a tres d\u00edas y suma m\u00e1s experiencias gastron\u00f3micas<\/span><\/span><\/p>\n<p class=\"x_western x_ContentPasted0\" align=\"center\"><span style=\"font-family: Verdana, sans-serif;\"><span class=\"x_ContentPasted0\" style=\"font-size: large;\">Poquet destaca que la oferta est\u00e1 \u201cpensada para todos los p\u00fablicos y es muy completa\u201d al tiempo que avanza que \u201cya estamos trabajando en la celebraci\u00f3n del 775 aniversario de la nomenclatura del Castillo el pr\u00f3ximo diciembre\u201d<\/span><\/span><\/p>\n<p class=\"x_western x_ContentPasted0\" align=\"center\"><span style=\"font-family: Verdana, sans-serif;\"><span class=\"x_ContentPasted0\" style=\"font-size: large;\">El responsable de Esatur avanza que a 30 de junio se han superado los 300.000 visitantes, por lo que se espera incrementar las visitas r\u00e9cord del a\u00f1o pasado<\/span><\/span><\/p>\n<p class=\"x_western\" align=\"justify\"><strong><span style=\"font-family: Verdana, sans-serif;\"><span style=\"font-size: medium;\"><span class=\"x_ContentPasted0\">Alicante,\u00a0<\/span><\/span><\/span><\/strong><strong><span style=\"font-family: Verdana, sans-serif;\"><span style=\"font-size: medium;\"><span class=\"x_ContentPasted0\">14<\/span><\/span><\/span><\/strong><strong><span style=\"font-family: Verdana, sans-serif;\"><span style=\"font-size: medium;\"><span class=\"x_ContentPasted0\">\u00a0de julio de 2023.\u00a0<\/span><\/span><\/span><\/strong><strong><span style=\"font-family: Verdana, sans-serif;\"><span style=\"font-size: medium;\"><span class=\"x_ContentPasted0\">La m\u00fasica en directo, el Mercado Pirata y las visitas guiadas y teatralizadas junto con las experiencias gastron\u00f3micas de km 0 ser\u00e1n las protagonistas del verano en el Castillo de Santa B\u00e1rbara que hasta el pr\u00f3ximo 4 de septiembre mantiene abiertas sus puertas once horas ininterrumpidamente, de 10 a 23 horas. Todas las actividades programadas por Esatur, encargada de la dinamizaci\u00f3n tur\u00edstica de la fortaleza con la supervisi\u00f3n del Patronato de Turismo Alicante City&amp;Beach, son gratuitas.<\/span><\/span><\/span><\/strong><\/p>\n<p class=\"x_western\" align=\"justify\"><strong><span style=\"font-family: Verdana, sans-serif;\"><span style=\"font-size: medium;\"><span class=\"x_ContentPasted0\">La concejala de Turismo, Ana Poquet, y el CEO de Esatur, Jorge Rodr\u00edguez, han presentado este viernes la programaci\u00f3n de este verano en la fortaleza.<\/span><\/span><\/span><\/strong><\/p>\n<p class=\"x_western\" align=\"justify\"><strong><span style=\"font-family: Verdana, sans-serif;\"><span style=\"font-size: medium;\"><span class=\"x_ContentPasted0\">Poquet\u00a0<\/span><\/span><\/span><\/strong><strong><span style=\"font-family: Verdana, sans-serif;\"><span style=\"font-size: medium;\"><span class=\"x_ContentPasted0\">ha destacado que la oferta \u201cest\u00e1 pensada para todos los p\u00fablicos y es muy completa\u201d por lo que ha invitado \u201ca<\/span><\/span><\/span><\/strong><strong><span style=\"font-family: Verdana, sans-serif;\"><span style=\"font-size: medium;\"><span class=\"x_ContentPasted0\">\u00a0alicantinos y visitantes\u00a0<\/span><\/span><\/span><\/strong><strong><span style=\"font-family: Verdana, sans-serif;\"><span style=\"font-size: medium;\"><span class=\"x_ContentPasted0\">a disfrutar de toda\u00a0<\/span><\/span><\/span><\/strong><strong><span style=\"font-family: Verdana, sans-serif;\"><span style=\"font-size: medium;\"><span class=\"x_ContentPasted0\">la programaci\u00f3n en uno de los emblemas de la ciudad\u00a0<\/span><\/span><\/span><\/strong><strong><span style=\"font-family: Verdana, sans-serif;\"><span style=\"font-size: medium;\"><span class=\"x_ContentPasted0\">y\u00a0<\/span><\/span><\/span><\/strong><strong><span style=\"font-family: Verdana, sans-serif;\"><span style=\"font-size: medium;\"><span class=\"x_ContentPasted0\">el monumento m\u00e1s visitado de la Comunidad Valenciana\u201d.\u00a0<\/span><\/span><\/span><\/strong><strong><span style=\"font-family: Verdana, sans-serif;\"><span style=\"font-size: medium;\"><span class=\"x_ContentPasted0\">Asimismo ha adelantado que \u201cya estamos trabajando en la celebraci\u00f3n el pr\u00f3ximo 4 de diciembre del 775 aniversario de la nomenclatura del Castillo como Santa B\u00e1rbara con un evento muy especial que anunciaremos pr\u00f3ximamente\u201d.<\/span><\/span><\/span><\/strong><\/p>\n<p class=\"x_western\" align=\"justify\"><strong><span style=\"font-family: Verdana, sans-serif;\"><span style=\"font-size: medium;\"><span class=\"x_ContentPasted0\">Por su parte, el responsable<\/span><\/span><\/span><\/strong><strong><span style=\"font-family: Verdana, sans-serif;\"><span style=\"font-size: medium;\"><span class=\"x_ContentPasted0\">\u00a0de Esatur\u00a0<\/span><\/span><\/span><\/strong><strong><span style=\"font-family: Verdana, sans-serif;\"><span style=\"font-size: medium;\"><span class=\"x_ContentPasted0\">ha desgranado todas las propuestas que se llevar\u00e1n a cabo hasta septiembre. Entre ellas, destaca el Mercado Pirata \u201cque ya fue un \u00e9xito de p\u00fablico el verano pasado\u201d con actividades tematizadas para ni\u00f1os y mayores y decoraci\u00f3n especial de la fortaleza durante tres d\u00edas, del 18 al 20 de agosto.<\/span><\/span><\/span><\/strong><\/p>\n<p class=\"x_western\" align=\"justify\"><strong><span style=\"font-family: Verdana, sans-serif;\"><span style=\"font-size: medium;\"><span class=\"x_ContentPasted0\">Adem\u00e1s, alicantinos y visitantes podr\u00e1n disfrutar de m\u00fasica en directo todos los s\u00e1bados\u00a0<\/span><\/span><\/span><\/strong><strong><span style=\"font-family: Verdana, sans-serif;\"><span style=\"font-size: medium;\"><span class=\"x_ContentPasted0\">con g<\/span><\/span><\/span><\/strong><strong><span style=\"font-family: Verdana, sans-serif;\"><span style=\"font-size: medium;\"><span class=\"x_ContentPasted0\">rupos de pop, rock, soul y blues,\u00a0<\/span><\/span><\/span><\/strong><strong><span style=\"font-family: Verdana, sans-serif;\"><span style=\"font-size: medium;\"><span class=\"x_ContentPasted0\">cuya entrada es gratuita y es necesario reservar en la web del Castillo. Durante estos tres meses se ampl\u00edan las visitas teatralizadas a tres d\u00edas, mi\u00e9rcoles, jueves y viernes a las 21.30 horas con nuevos guiones y personajes y un mayor n\u00famero de actores. Al mismo tiempo contin\u00faan las visitas guiadas todos los d\u00edas de la semana.<\/span><\/span><\/span><\/strong><\/p>\n<p class=\"x_western\" align=\"justify\"><strong><span style=\"font-family: Verdana, sans-serif;\"><span style=\"font-size: medium;\"><span class=\"x_ContentPasted0\">A todo esto se a\u00f1aden m\u00e1s experiencias gastron\u00f3micas de kil\u00f3metro 0 en la contramina del Castillo. Los visitantes podr\u00e1n elegir entre una degustaci\u00f3n de cuatro cervezas acompa\u00f1adas de snacks; tres vinos rosados mediterr\u00e1neos con aceites, pan queso y uvas; y tres vinos D.O Alicante con aceites y una selecci\u00f3n de embutidos alicantinos.<\/span><\/span><\/span><\/strong><\/p>\n<p class=\"x_western\" align=\"justify\"><span style=\"font-family: Verdana, sans-serif;\"><b class=\"x_ContentPasted0\">Visitas<\/b><\/span><\/p>\n<p class=\"x_western x_ContentPasted0\" align=\"justify\"><span class=\"x_ContentPasted0\" style=\"font-family: Verdana, sans-serif;\">Por otra parte, Rodr\u00edguez ha avanzado que a fecha 30 de junio ya se han superado las 300.000 visitas a la fortaleza. Con estos datos, la adjudicataria estima que este a\u00f1o se superar\u00e1n las 700.000 visitas registradas el a\u00f1o pasado que ya batieron todos los r\u00e9cords.<\/span><\/p>\n<p class=\"x_western x_ContentPasted0\" align=\"justify\"><span class=\"x_ContentPasted0\" style=\"font-family: Verdana, sans-serif;\">Desde Esatur han explicado que el 90% del p\u00fablico visitaba el Castillo por primera vez y el 10% repet\u00eda visita. Por pa\u00edses, el Reino Unido (con un 13% del total), Alemania con un 9%, Francia Polonia Italia, Pa\u00edses Bajos y Noruega son las principales procedencias.<\/span><\/p>\n\n\n<div style=\"height:40px\" aria-hidden=\"true\" class=\"wp-block-spacer\"><\/div>\n\n\n\n<div class=\"wp-block-buttons Botonesnoticias is-vertical is-content-justification-center is-layout-flex wp-container-core-buttons-is-layout-6363bf74 wp-block-buttons-is-layout-flex\">\n<div class=\"wp-block-button has-custom-font-size is-style-fill\" style=\"font-size:1rem;font-style:normal;font-weight:500\"><a class=\"wp-block-button__link has-white-color has-text-color has-background has-link-color wp-element-button\" href=\"https:\/\/castillodesantabarbara.com\/\" style=\"border-radius:25px;background-color:#002e6d\" target=\"_blank\" rel=\"noopener\">M\u00e1s informaci\u00f3n sobre el Castillo de Santa B\u00e1rbara<\/a><\/div>\n<\/div>\n","protected":false},"featured_media":256546,"template":"","meta":{"_acf_changed":false},"categoria-de-noticia":[150,121,153],"class_list":["post-256545","noticias","type-noticias","status-publish","has-post-thumbnail","hentry","categoria-de-noticia-archivo-historico","categoria-de-noticia-destacados","categoria-de-noticia-notas-de-prensa"],"acf":[],"_links":{"self":[{"href":"https:\/\/dev.alicanteturismo.com\/fr\/wp-json\/wp\/v2\/noticias\/256545","targetHints":{"allow":["GET"]}}],"collection":[{"href":"https:\/\/dev.alicanteturismo.com\/fr\/wp-json\/wp\/v2\/noticias"}],"about":[{"href":"https:\/\/dev.alicanteturismo.com\/fr\/wp-json\/wp\/v2\/types\/noticias"}],"version-history":[{"count":0,"href":"https:\/\/dev.alicanteturismo.com\/fr\/wp-json\/wp\/v2\/noticias\/256545\/revisions"}],"wp:featuredmedia":[{"embeddable":true,"href":"https:\/\/dev.alicanteturismo.com\/fr\/wp-json\/wp\/v2\/media\/256546"}],"wp:attachment":[{"href":"https:\/\/dev.alicanteturismo.com\/fr\/wp-json\/wp\/v2\/media?parent=256545"}],"wp:term":[{"taxonomy":"categoria-de-noticia","embeddable":true,"href":"https:\/\/dev.alicanteturismo.com\/fr\/wp-json\/wp\/v2\/categoria-de-noticia?post=256545"}],"curies":[{"name":"wp","href":"https:\/\/api.w.org\/{rel}","templated":true}]}}