{"id":257430,"date":"2023-08-17T11:19:39","date_gmt":"2023-08-17T09:19:39","guid":{"rendered":"https:\/\/www.alicanteturismo.com\/?p=257430"},"modified":"2024-10-23T09:52:08","modified_gmt":"2024-10-23T07:52:08","slug":"turismo-instala-carpas-en-el-acceso-al-ascensor-del-castillo-de-santa-barbara","status":"publish","type":"noticias","link":"https:\/\/dev.alicanteturismo.com\/fr\/noticias\/turismo-instala-carpas-en-el-acceso-al-ascensor-del-castillo-de-santa-barbara\/","title":{"rendered":"Turismo instala carpas en el acceso al ascensor del Castillo de Santa B\u00e1rbara"},"content":{"rendered":"<p class=\"x_western x_ContentPasted0\" align=\"justify\"><span style=\"font-family: Verdana, sans-serif;\"><span style=\"font-size: medium;\"><b class=\"x_ContentPasted0\">El Patronato de Turismo Alicante City&amp;Beach ha instalado este jueves cuatro carpas en el acceso al ascensor del Castillo de Santa B\u00e1rbara para proteger del sol a los visitantes.\u00a0<\/b><\/span><\/span><span style=\"font-family: Verdana, sans-serif;\"><span style=\"font-size: medium;\"><span class=\"x_ContentPasted0\">L<\/span><\/span><\/span><span style=\"font-family: Verdana, sans-serif;\"><span style=\"font-size: medium;\"><span class=\"x_ContentPasted0\">a concejala, Ana Poquet, ha explicado que \u201cse trata de una soluci\u00f3n provisional mientras trabajamos en una definitiva para instalar lonas en forma de vela que ofrezcan protecci\u00f3n frente al sol y las altas temperaturas durante la espera para acceder al Castillo\u201d. Poquet ha asegurado que \u201cqueremos que alicantinos y turistas disfruten de la mejor experiencia posible cuando deciden visitar el Castillo de Santa B\u00e1rbara y hoy precisamente ha llegado a la ciudad el crucero MSC Orchestra en una de las operaciones previstas como puerto base, con lo que se espera una alta afluencia de visitantes a la fortaleza\u201d. En este sentido, la edil ha avanzado que las carpas se mantendr\u00e1n este fin de semana, cuando est\u00e1 previsto que se celebre el Fin de Semana Pirata en el Castillo y que continuar\u00e1n mientras sea necesario por las condiciones clim\u00e1ticas hasta que se disponga de la nueva infraestructura fija.<\/span><\/span><\/span><\/p>\n\n\n<div style=\"height:40px\" aria-hidden=\"true\" class=\"wp-block-spacer\"><\/div>\n\n\n\n<div class=\"wp-block-buttons Botonesnoticias is-vertical is-content-justification-center is-layout-flex wp-container-core-buttons-is-layout-6363bf74 wp-block-buttons-is-layout-flex\">\n<div class=\"wp-block-button has-custom-font-size is-style-fill\" style=\"font-size:1rem;font-style:normal;font-weight:500\"><a class=\"wp-block-button__link has-white-color has-text-color has-background has-link-color wp-element-button\" href=\"https:\/\/dev.alicanteturismo.com\/castillo-de-santa-barbara\/\" style=\"border-radius:25px;background-color:#002e6d\">M\u00e1s informaci\u00f3n sobre el Catillo de Santa B\u00e1rbara<\/a><\/div>\n<\/div>\n","protected":false},"featured_media":257431,"template":"","meta":{"_acf_changed":false},"categoria-de-noticia":[153],"class_list":["post-257430","noticias","type-noticias","status-publish","has-post-thumbnail","hentry","categoria-de-noticia-notas-de-prensa"],"acf":[],"_links":{"self":[{"href":"https:\/\/dev.alicanteturismo.com\/fr\/wp-json\/wp\/v2\/noticias\/257430","targetHints":{"allow":["GET"]}}],"collection":[{"href":"https:\/\/dev.alicanteturismo.com\/fr\/wp-json\/wp\/v2\/noticias"}],"about":[{"href":"https:\/\/dev.alicanteturismo.com\/fr\/wp-json\/wp\/v2\/types\/noticias"}],"version-history":[{"count":0,"href":"https:\/\/dev.alicanteturismo.com\/fr\/wp-json\/wp\/v2\/noticias\/257430\/revisions"}],"wp:featuredmedia":[{"embeddable":true,"href":"https:\/\/dev.alicanteturismo.com\/fr\/wp-json\/wp\/v2\/media\/257431"}],"wp:attachment":[{"href":"https:\/\/dev.alicanteturismo.com\/fr\/wp-json\/wp\/v2\/media?parent=257430"}],"wp:term":[{"taxonomy":"categoria-de-noticia","embeddable":true,"href":"https:\/\/dev.alicanteturismo.com\/fr\/wp-json\/wp\/v2\/categoria-de-noticia?post=257430"}],"curies":[{"name":"wp","href":"https:\/\/api.w.org\/{rel}","templated":true}]}}