{"id":261285,"date":"2024-01-02T12:36:54","date_gmt":"2024-01-02T11:36:54","guid":{"rendered":"https:\/\/www.alicanteturismo.com\/?p=261285"},"modified":"2024-10-16T17:20:27","modified_gmt":"2024-10-16T15:20:27","slug":"noticia-02012024-turismo-instala-una-treintena-de-paneles-para-difundir-los-atractivos-de-la-zona-entre-los-dos-castillos","status":"publish","type":"noticias","link":"https:\/\/dev.alicanteturismo.com\/fr\/noticias\/noticia-02012024-turismo-instala-una-treintena-de-paneles-para-difundir-los-atractivos-de-la-zona-entre-los-dos-castillos\/","title":{"rendered":"Turismo instala una treintena de paneles para difundir los atractivos de la zona entre los dos castillos"},"content":{"rendered":"<h4>La nueva se\u00f1al\u00e9tica explica los lugares de inter\u00e9s del \u00e1rea EDUSI para informar a los visitantes en tres idiomas y en braille, con planos en relieve y acceso a audiogu\u00eda<\/h4>\n<h4>Poquet explica que<em> \u201cel objetivo es poner en valor el patrimonio de esta zona que pasa m\u00e1s desapercibido al turista e incluso a parte de los alicantinos para lo que llamamos su atenci\u00f3n con un elemento singular\u201d<\/em><\/h4>\n<p><strong>Alicante, 2 de enero de 2024.<\/strong> El Patronato de Turismo Alicante City&amp;Beach ha instalado un total de <strong>26 paneles tur\u00edsticos<\/strong> en la zona EDUSI, es decir, el \u00e1rea comprendida entre los castillos de Santa B\u00e1rbara y San Fernando, para dar a conocer los principales lugares de inter\u00e9s.<\/p>\n<p>La nueva se\u00f1al\u00e9tica explica los lugares de inter\u00e9s desde un punto de vista hist\u00f3rico y patrimonial para dar a conocer los principales hitos en esta zona y guiar al turista por una zona a descubrir.<\/p>\n<p>La concejala de Turismo, Ana Poquet, ha explicado que<em> \u201cel objetivo es poner en valor el patrimonio de la zona EDUSI que pasa m\u00e1s desapercibido para el turista e incluso para parte de los alicantinos que desconocen el origen y la historia de algunos elementos destacables\u201d.<\/em> Para ello, contin\u00faa la edil,<em> \u201chemos instalado unos paneles que llaman la atenci\u00f3n como un elemento singular en cada espacio destacado\u201d.<\/em><\/p>\n<p>En concreto, los paneles se ubican en los castillos de Santa B\u00e1rbara y San Fernando, Las Cigarreras, el ADDA, el Mercado Central, Luceros, el MARQ, la plaza M\u00fasico \u00d3scar Tordera, el cuartel de la Guardia Civil (antiguo Hospital del Rey), la Plaza de Toros, el monumento al Foguerer, la parroquia de la Misericordia, el Pante\u00f3n de Quijano y junto a los refugios de la plaza de Castell\u00f3n y General Marv\u00e1.<\/p>\n<p>La nueva se\u00f1al\u00e9tica explica los lugares de inter\u00e9s en castellano, valenciano e ingl\u00e9s y tambi\u00e9n en braille para que sean accesibles al mayor n\u00famero de personas posible. Por ello tambi\u00e9n se han incluido unos planos en relieve que facilitan la accesibilidad de la informaci\u00f3n. Asimismo, desde los paneles se puede acceder a una audiogu\u00eda explicativa. Son muy visuales e incluyen im\u00e1genes adem\u00e1s de los textos, todos ellos guardando la misma est\u00e9tica y con un soporte unitario en el que se puede leer la frase \u201cDescubre otra \u00e1rea de la ciudad para visitar: Alicante entre dos castillos\u201d.<\/p>\n<h3>Gymkhana digital<\/h3>\n<p>El Patronato de Turismo ya impuls\u00f3 una gymkhana digital tur\u00edstica<em> \u201cAlicante entre dos castillos\u201d<\/em> para animar a conocer esta zona de la ciudad. Se trata de un juego en el que hay que ir contestando de manera correcta unas sencillas preguntas sobre 11 puntos tur\u00edsticos de esta zona despu\u00e9s de leer una breve descripci\u00f3n de cada uno de ellos, al mismo tiempo que se recorre el \u00e1rea Alicante entre dos Castillos. En un a\u00f1o m\u00e1s de 800 personas de 32 nacionalidades ya la hab\u00edan completado.<\/p>\n","protected":false},"featured_media":261286,"template":"","meta":{"_acf_changed":false},"categoria-de-noticia":[150,153],"class_list":["post-261285","noticias","type-noticias","status-publish","has-post-thumbnail","hentry","categoria-de-noticia-archivo-historico","categoria-de-noticia-notas-de-prensa"],"acf":[],"_links":{"self":[{"href":"https:\/\/dev.alicanteturismo.com\/fr\/wp-json\/wp\/v2\/noticias\/261285","targetHints":{"allow":["GET"]}}],"collection":[{"href":"https:\/\/dev.alicanteturismo.com\/fr\/wp-json\/wp\/v2\/noticias"}],"about":[{"href":"https:\/\/dev.alicanteturismo.com\/fr\/wp-json\/wp\/v2\/types\/noticias"}],"version-history":[{"count":0,"href":"https:\/\/dev.alicanteturismo.com\/fr\/wp-json\/wp\/v2\/noticias\/261285\/revisions"}],"wp:featuredmedia":[{"embeddable":true,"href":"https:\/\/dev.alicanteturismo.com\/fr\/wp-json\/wp\/v2\/media\/261286"}],"wp:attachment":[{"href":"https:\/\/dev.alicanteturismo.com\/fr\/wp-json\/wp\/v2\/media?parent=261285"}],"wp:term":[{"taxonomy":"categoria-de-noticia","embeddable":true,"href":"https:\/\/dev.alicanteturismo.com\/fr\/wp-json\/wp\/v2\/categoria-de-noticia?post=261285"}],"curies":[{"name":"wp","href":"https:\/\/api.w.org\/{rel}","templated":true}]}}