{"id":297978,"date":"2021-12-10T12:10:00","date_gmt":"2021-12-10T11:10:00","guid":{"rendered":"https:\/\/alicanteturismo.com\/?post_type=noticias&#038;p=297978"},"modified":"2025-02-27T12:12:19","modified_gmt":"2025-02-27T11:12:19","slug":"anuncio-licitacion-comunicacion-para-la-promocion-de-alicante-como-destino-turistico-en-la-feria-internacional-de-turismo-fitur-2022","status":"publish","type":"noticias","link":"https:\/\/dev.alicanteturismo.com\/fr\/noticias\/anuncio-licitacion-comunicacion-para-la-promocion-de-alicante-como-destino-turistico-en-la-feria-internacional-de-turismo-fitur-2022\/","title":{"rendered":"Anuncio Licitaci\u00f3n: Comunicaci\u00f3n para la promoci\u00f3n de Alicante como destino tur\u00edstico en la feria internacional de turismo, FITUR 2022"},"content":{"rendered":"<ul>\n<li>\u00d3rgano de Contrataci\u00f3n: Presidencia del Patronato Municipal de Turismo y Playas de Alicante<\/li>\n<li>Estado de la Licitaci\u00f3n: Publicada<\/li>\n<li>Objeto del contrato: Comunicaci\u00f3n para la promoci\u00f3n de Alicante como destino tur\u00edstico en la feria internacional de turismo, FITUR 2022<\/li>\n<li>Presupuesto base de licitaci\u00f3n sin impuestos: 34.950,00 Euros<\/li>\n<li>Valor estimado del contrato: 34.950,00 Euros<\/li>\n<li>Tipo de Contrato: Servicios<\/li>\n<li>C\u00f3digo CPV 79341400-Servicios de campa\u00f1as de publicidad.<\/li>\n<li>Lugar de Ejecuci\u00f3n Espa\u00f1a &#8211; Alicante\/Alacant<\/li>\n<li>Procedimiento de contrataci\u00f3n Abierto simplificado<\/li>\n<\/ul>\n<p><strong>Informaci\u00f3n<\/strong><\/p>\n<ul>\n<li><strong>Fecha fin de presentaci\u00f3n<\/strong> de oferta 22\/12\/2021 10:00<\/li>\n<\/ul>\n<p><strong><span id=\"viewns_Z7_AVEQAI930OBRD02JPMTPG21006_:form1:text30_1\" class=\"outputText cabecera\" title=\"Resumen Licitaci\u00f3n\">Resumen Licitaci\u00f3n<\/span><\/strong><\/p>\n<table id=\"myTablaDetalleVISUOE\" class=\"dataTableEx ej1\" style=\"height: 160px;\" summary=\"Tabla de documentos publicados de la licitaci\u00f3n\" width=\"671\">\n<thead>\n<tr>\n<th class=\"TextAlignCenter headerClass\" scope=\"col\"><span dir=\"ltr\" lang=\"es\">Publicaci\u00f3n en plataforma<\/span><\/th>\n<th class=\"TextAlignCenter headerClass\" scope=\"col\"><span dir=\"ltr\" lang=\"es\">Documento<\/span><\/th>\n<th class=\"TextAlignCenter headerClass\" scope=\"col\"><span dir=\"ltr\" lang=\"es\">Ver documentos<\/span><\/th>\n<\/tr>\n<\/thead>\n<tbody>\n<tr class=\"rowClass1 \">\n<td class=\"fechaPubLeft padding0punto2\">\n<div>09\/12\/2021 13:06:32<\/div>\n<\/td>\n<td class=\"tipoDocumento padding0punto2\">\n<div class=\"padding0punto1\">Anuncio de Licitaci\u00f3n<\/div>\n<\/td>\n<td class=\"documentosPub padding0punto2\">\n<div><a class=\"celdaTam2\" title=\"Este documento se abrir\u00e1 en una nueva ventana\" href=\"https:\/\/contrataciondelestado.es\/wps\/wcm\/connect\/PLACE_es\/Site\/area\/docAccCmpnt?srv=cmpnt&amp;cmpntname=GetDocumentsById&amp;source=library&amp;DocumentIdParam=5f68b23f-a0f2-4ff3-a716-66e0f687b48b\" target=\"_blank\" rel=\"noopener noreferrer\">Html<\/a>\u00a0 \u00a0 \u00a0 \u00a0 \u00a0 \u00a0<a class=\"celdaTam2\" title=\"Este documento se abrir\u00e1 en una nueva ventana\" href=\"https:\/\/contrataciondelestado.es\/wps\/wcm\/connect\/PLACE_es\/Site\/area\/docAccCmpnt?srv=cmpnt&amp;cmpntname=GetDocumentsById&amp;source=library&amp;DocumentIdParam=e2f6ed4f-e3d2-4f8b-827b-df239f1d5148\" target=\"_blank\" rel=\"noopener noreferrer\">Xml<\/a>\u00a0 \u00a0 \u00a0 <a class=\"celdaTam2\" title=\"Este documento se abrir\u00e1 en una nueva ventana\" href=\"https:\/\/contrataciondelestado.es\/wps\/wcm\/connect\/PLACE_es\/Site\/area\/docAccCmpnt?srv=cmpnt&amp;cmpntname=GetDocumentsById&amp;source=library&amp;DocumentIdParam=0c3b0d04-70dc-4756-8519-39ef907a819f\" target=\"_blank\" rel=\"noopener noreferrer\">\u00a0 \u00a0 \u00a0Pdf<\/a>\u00a0 \u00a0 \u00a0 \u00a0<a id=\"viewns_Z7_AVEQAI930OBRD02JPMTPG21006_:form1:enlaceSelloTiempo_0\" class=\"marginLeft1em\" title=\"Sello de Tiempo\" href=\"https:\/\/contrataciondelestado.es\/wps\/portal\/!ut\/p\/b0\/DcrBCkBAEADQT5pSHJTDKrmhKHYvmnY3TcYSY_2-Pb56YGABEzDShkJnQE7WzvuLKeyl84LMfmWyJGhTgBkMGHJNZNAd66yfBrbFN77bI6pu71xVFVzHoX5C6QAE\/#\" target=\"_blank\" rel=\"noopener\"><span id=\"viewns_Z7_AVEQAI930OBRD02JPMTPG21006_:form1:textoSelloTiempo_enlaceSelloTiempo_0\">Sello de Tiempo<\/span><\/a><\/div>\n<\/td>\n<\/tr>\n<tr class=\"rowClass2 \">\n<td class=\"fechaPubLeft padding0punto2\">\n<div>09\/12\/2021 13:06:52<\/div>\n<\/td>\n<td class=\"tipoDocumento padding0punto2\">\n<div class=\"padding0punto1\">Pliego<\/div>\n<\/td>\n<td class=\"documentosPub padding0punto2\">\n<div><a class=\"celdaTam2\" title=\"Este documento se abrir\u00e1 en una nueva ventana\" href=\"https:\/\/contrataciondelestado.es\/wps\/wcm\/connect\/PLACE_es\/Site\/area\/docAccCmpnt?srv=cmpnt&amp;cmpntname=GetDocumentsById&amp;source=library&amp;DocumentIdParam=8c832c79-02cd-40c5-9397-3cee536a5ab5\" target=\"_blank\" rel=\"noopener noreferrer\">Html<\/a>\u00a0 \u00a0 \u00a0 \u00a0 \u00a0 \u00a0<a class=\"celdaTam2\" title=\"Este documento se abrir\u00e1 en una nueva ventana\" href=\"https:\/\/contrataciondelestado.es\/wps\/wcm\/connect\/PLACE_es\/Site\/area\/docAccCmpnt?srv=cmpnt&amp;cmpntname=GetDocumentsById&amp;source=library&amp;DocumentIdParam=6abd663c-2f3e-46f0-bc1b-a2a487d6d5f4\" target=\"_blank\" rel=\"noopener noreferrer\">Xml<\/a> \u00a0 \u00a0 \u00a0 \u00a0 \u00a0 <a class=\"celdaTam2\" title=\"Este documento se abrir\u00e1 en una nueva ventana\" href=\"https:\/\/contrataciondelestado.es\/wps\/wcm\/connect\/PLACE_es\/Site\/area\/docAccCmpnt?srv=cmpnt&amp;cmpntname=GetDocumentsById&amp;source=library&amp;DocumentIdParam=91d9ddb9-80ac-445b-b7ca-0f692ec0d33f\" target=\"_blank\" rel=\"noopener noreferrer\">Pdf<\/a>\u00a0 \u00a0 \u00a0 \u00a0<a id=\"viewns_Z7_AVEQAI930OBRD02JPMTPG21006_:form1:enlaceSelloTiempo_1\" class=\"marginLeft1em\" title=\"Sello de Tiempo\" href=\"https:\/\/contrataciondelestado.es\/wps\/portal\/!ut\/p\/b0\/DcrBCkBAEADQT5pSHJTDKrmhKHYvmnY3TcYSY_2-Pb56YGABEzDShkJnQE7WzvuLKeyl84LMfmWyJGhTgBkMGHJNZNAd66yfBrbFN77bI6pu71xVFVzHoX5C6QAE\/#\" target=\"_blank\" rel=\"noopener\"><span id=\"viewns_Z7_AVEQAI930OBRD02JPMTPG21006_:form1:textoSelloTiempo_enlaceSelloTiempo_1\">Sello de Tiempo<\/span><\/a><\/div>\n<\/td>\n<\/tr>\n<\/tbody>\n<\/table>\n<p><strong>Otros Documentos<\/strong><\/p>\n<p>Publicaci\u00f3n en plataforma<\/p>\n<ul>\n<li>09\/12\/2021 <span id=\"viewns_Z7_AVEQAI930OBRD02JPMTPG21006_:form1:TableEx1_Aux:0:textSfecha1PadreGen\" class=\"outputText\">13:07:31 Memoria Justificativa:<a href=\"https:\/\/contrataciondelestado.es\/wps\/wcm\/connect\/3e427f74-af93-4b18-95ba-0b55504d211e\/DOC20211209111737MEMORIA+DEL+ORGANO+GESTOR+Fitur+2022.PDF?MOD=AJPERES\" target=\"_blank\" rel=\"noopener\"><strong> VER, <\/strong><\/a>\u00a0<strong><a id=\"viewns_Z7_AVEQAI930OBRD02JPMTPG21006_:form1:TableEx1_Aux:0:buttonTSPadreGen\" class=\"celdaTam2\" href=\"https:\/\/contrataciondelestado.es\/wps\/portal\/!ut\/p\/b0\/DcrBCkBAEADQT5pSHJTDKrmhKHYvmnY3TcYSY_2-Pb56YGABEzDShkJnQE7WzvuLKeyl84LMfmWyJGhTgBkMGHJNZNAd66yfBrbFN77bI6pu71xVFVzHoX5C6QAE\/#\" target=\"_blank\" rel=\"noopener\"><span id=\"viewns_Z7_AVEQAI930OBRD02JPMTPG21006_:form1:TableEx1_Aux:0:textoEnlaceTSPadreGen\" class=\"outputText\" title=\"Sello de tiempo\">SELLO DEL TIEMPO<\/span><\/a><\/strong><\/span><\/li>\n<li>09\/12\/2021 13:07:50 Acuerdo de iniciaci\u00f3n del expediente <a href=\"https:\/\/contrataciondelestado.es\/wps\/wcm\/connect\/1b315507-cbe1-4c83-ab15-14f4f1a65e45\/DOC20211209125756DECRETO+CONVOCATORIA+SERVICIOS+COMUNICACION+FITUR+2022+FIRMADO.PDF?MOD=AJPERES\" target=\"_blank\" rel=\"noopener\"><strong>VER,<\/strong><\/a> <strong><a id=\"viewns_Z7_AVEQAI930OBRD02JPMTPG21006_:form1:TableEx1_Aux:1:buttonTSPadreGen\" class=\"celdaTam2\" href=\"https:\/\/contrataciondelestado.es\/wps\/portal\/!ut\/p\/b0\/DcrBCkBAEADQT5pSHJTDKrmhKHYvmnY3TcYSY_2-Pb56YGABEzDShkJnQE7WzvuLKeyl84LMfmWyJGhTgBkMGHJNZNAd66yfBrbFN77bI6pu71xVFVzHoX5C6QAE\/#\" target=\"_blank\" rel=\"noopener\"><span id=\"viewns_Z7_AVEQAI930OBRD02JPMTPG21006_:form1:TableEx1_Aux:1:textoEnlaceTSPadreGen\" class=\"outputText\" title=\"Sello de tiempo\">SELLO DEL TIEMPO<\/span><\/a><\/strong><\/li>\n<\/ul>\n","protected":false},"featured_media":204745,"template":"","meta":{"_acf_changed":false},"categoria-de-noticia":[150],"class_list":["post-297978","noticias","type-noticias","status-publish","has-post-thumbnail","hentry","categoria-de-noticia-archivo-historico"],"acf":[],"_links":{"self":[{"href":"https:\/\/dev.alicanteturismo.com\/fr\/wp-json\/wp\/v2\/noticias\/297978","targetHints":{"allow":["GET"]}}],"collection":[{"href":"https:\/\/dev.alicanteturismo.com\/fr\/wp-json\/wp\/v2\/noticias"}],"about":[{"href":"https:\/\/dev.alicanteturismo.com\/fr\/wp-json\/wp\/v2\/types\/noticias"}],"version-history":[{"count":0,"href":"https:\/\/dev.alicanteturismo.com\/fr\/wp-json\/wp\/v2\/noticias\/297978\/revisions"}],"wp:featuredmedia":[{"embeddable":true,"href":"https:\/\/dev.alicanteturismo.com\/fr\/wp-json\/wp\/v2\/media\/204745"}],"wp:attachment":[{"href":"https:\/\/dev.alicanteturismo.com\/fr\/wp-json\/wp\/v2\/media?parent=297978"}],"wp:term":[{"taxonomy":"categoria-de-noticia","embeddable":true,"href":"https:\/\/dev.alicanteturismo.com\/fr\/wp-json\/wp\/v2\/categoria-de-noticia?post=297978"}],"curies":[{"name":"wp","href":"https:\/\/api.w.org\/{rel}","templated":true}]}}